{"id":14562,"date":"2022-06-14T13:49:07","date_gmt":"2022-06-14T12:49:07","guid":{"rendered":"https:\/\/tajasport.com\/safa-fadda-la-gardienne-syrienne-devenue-star-en-arabie\/"},"modified":"2022-06-14T13:53:37","modified_gmt":"2022-06-14T12:53:37","slug":"safa-fadda-la-gardienne-syrienne-devenue-star-en-arabie","status":"publish","type":"post","link":"https:\/\/tajasport.com\/fr\/safa-fadda-la-gardienne-syrienne-devenue-star-en-arabie\/","title":{"rendered":"Safa Fadda, la gardienne syrienne devenue star en Arabie"},"content":{"rendered":"\t\t<div data-elementor-type=\"wp-post\" data-elementor-id=\"14562\" class=\"elementor elementor-14562 elementor-14539\">\n\t\t\t\t\t\t\t\t\t<section class=\"elementor-section elementor-top-section elementor-element elementor-element-931a3b8 elementor-section-boxed elementor-section-height-default elementor-section-height-default\" data-id=\"931a3b8\" data-element_type=\"section\">\n\t\t\t\t\t\t<div class=\"elementor-container elementor-column-gap-default\">\n\t\t\t\t\t<div class=\"elementor-column elementor-col-100 elementor-top-column elementor-element elementor-element-aadf87e\" data-id=\"aadf87e\" data-element_type=\"column\">\n\t\t\t<div class=\"elementor-widget-wrap elementor-element-populated\">\n\t\t\t\t\t\t\t\t<div class=\"elementor-element elementor-element-75f91638 elementor-invisible elementor-widget elementor-widget-text-editor\" data-id=\"75f91638\" data-element_type=\"widget\" data-settings=\"{&quot;_animation&quot;:&quot;fadeIn&quot;}\" data-widget_type=\"text-editor.default\">\n\t\t\t\t<div class=\"elementor-widget-container\">\n\t\t\t\t\t\t\t<p>Une saison exceptionnelle, au cours de laquelle la gardienne de l\u2019\u00e9quipe syrienne, Safa Fadda, a remport\u00e9 le prix de la meilleure gardienne&nbsp;<a href=\"https:\/\/tajasport.com\/fr\/premier-tournoi-de-la-ligue-de-football-feminin-du-royaume-et-une-competition-interessante-en-vue\/\" style=\"font-family: var( --e-global-typography-text-font-family ), Sans-serif; font-weight: var( --e-global-typography-text-font-weight ); text-transform: var( --e-global-typography-text-text-transform ); background-color: rgb(255, 255, 255); letter-spacing: 0px; color: rgb(255, 0, 0); display: inline !important;\">de la ligue centrale de football<\/a>&nbsp;2021\/2022. Elle a contribu\u00e9, gr\u00e2ce \u00e0 ses nombreuses ripostes, \u00e0 rendre la victoire \u00e0 l\u2019\u00e9quipe Al Yamamah et a fi\u00e8rement soulev\u00e9 son prix sur le terrain de Riyad, devant sa famille et tous ceux qui lui ont donn\u00e9 l&#8217;opportunit\u00e9 de jouer au football.<\/p>\n<p>\u00ab&nbsp;<strong>Je ne peux pas oublier le moment du sacre ni le moment o\u00f9 mon \u00e9quipe et moi avons \u00e9t\u00e9 honor\u00e9s dans la capitale, Riyad, apr\u00e8s avoir remport\u00e9 le titre. Ce fut un moment vraiment \u00e9mouvant<\/strong>&nbsp;\u00bb, a d\u00e9clar\u00e9 la gardienne.<\/p>\n<p>Fadda, qui a disput\u00e9 54 matchs internationaux aux c\u00f4t\u00e9s de l\u2019\u00e9quipe syrienne, esp\u00e8re porter \u00e0 nouveau le maillot qu\u2019elle n\u2019a plus v\u00eatu depuis des ann\u00e9es. Il convient de noter que l\u2019\u00e9quipe f\u00e9minine syrienne avait obtenu la troisi\u00e8me place du championnat d\u2019Asie de l\u2019Ouest de football, en 2005.<\/p>\t\t\t\t\t\t<\/div>\n\t\t\t\t<\/div>\n\t\t\t\t\t<\/div>\n\t\t<\/div>\n\t\t\t\t\t\t\t<\/div>\n\t\t<\/section>\n\t\t\t\t<section class=\"elementor-section elementor-top-section elementor-element elementor-element-fb86df0 elementor-section-boxed elementor-section-height-default elementor-section-height-default\" data-id=\"fb86df0\" data-element_type=\"section\">\n\t\t\t\t\t\t<div class=\"elementor-container elementor-column-gap-default\">\n\t\t\t\t\t<div class=\"elementor-column elementor-col-100 elementor-top-column elementor-element elementor-element-0283598\" data-id=\"0283598\" data-element_type=\"column\">\n\t\t\t<div class=\"elementor-widget-wrap elementor-element-populated\">\n\t\t\t\t\t\t\t\t<div class=\"elementor-element elementor-element-d2cba69 elementor-invisible elementor-widget elementor-widget-image\" data-id=\"d2cba69\" data-element_type=\"widget\" data-settings=\"{&quot;_animation&quot;:&quot;fadeIn&quot;}\" data-widget_type=\"image.default\">\n\t\t\t\t<div class=\"elementor-widget-container\">\n\t\t\t\t\t\t\t\t\t\t\t\t\t\t\t<img width=\"640\" height=\"611\" src=\"https:\/\/tajasport.com\/wp-content\/uploads\/2022\/06\/WhatsApp-Image-2022-06-10-at-17.13.58.jpeg\" class=\"attachment-large size-large wp-image-14542\" alt=\"\" loading=\"lazy\" srcset=\"https:\/\/tajasport.com\/wp-content\/uploads\/2022\/06\/WhatsApp-Image-2022-06-10-at-17.13.58.jpeg 1000w, https:\/\/tajasport.com\/wp-content\/uploads\/2022\/06\/WhatsApp-Image-2022-06-10-at-17.13.58-300x286.jpeg 300w, https:\/\/tajasport.com\/wp-content\/uploads\/2022\/06\/WhatsApp-Image-2022-06-10-at-17.13.58-768x733.jpeg 768w\" sizes=\"(max-width: 640px) 100vw, 640px\" title=\"\">\t\t\t\t\t\t\t\t\t\t\t\t\t\t\t<\/div>\n\t\t\t\t<\/div>\n\t\t\t\t\t<\/div>\n\t\t<\/div>\n\t\t\t\t\t\t\t<\/div>\n\t\t<\/section>\n\t\t\t\t<section class=\"elementor-section elementor-top-section elementor-element elementor-element-32c3b8c elementor-section-boxed elementor-section-height-default elementor-section-height-default\" data-id=\"32c3b8c\" data-element_type=\"section\">\n\t\t\t\t\t\t<div class=\"elementor-container elementor-column-gap-default\">\n\t\t\t\t\t<div class=\"elementor-column elementor-col-100 elementor-top-column elementor-element elementor-element-094bad7\" data-id=\"094bad7\" data-element_type=\"column\">\n\t\t\t<div class=\"elementor-widget-wrap elementor-element-populated\">\n\t\t\t\t\t\t\t\t<div class=\"elementor-element elementor-element-14ded59 elementor-invisible elementor-widget elementor-widget-text-editor\" data-id=\"14ded59\" data-element_type=\"widget\" data-settings=\"{&quot;_animation&quot;:&quot;fadeIn&quot;}\" data-widget_type=\"text-editor.default\">\n\t\t\t\t<div class=\"elementor-widget-container\">\n\t\t\t\t\t\t\t<h4><strong><span style=\"color: #ff0000;\">De la croissance \u00e0 la stagnation\u00a0<\/span> <\/strong><\/h4><p>Le sport f\u00e9minin en Syrie a stagn\u00e9 pendant des ann\u00e9es en raison de la guerre et des r\u00e9percussions de la pand\u00e9mie de covid-19. Mais cela n\u2019a pas toujours \u00e9t\u00e9 le cas. Lorsque Safa Fadda \u00e9tait en Syrie, le football f\u00e9minin syrien a connu un mouvement et un d\u00e9veloppement importants. La native de Damas a pratiqu\u00e9 le judo avant de s\u2019engager dans le football et a m\u00eame remport\u00e9 un championnat local. Elle a fini par emprunter le chemin footballistique et, gr\u00e2ce au soutien de sa famille, elle a pu rejoindre les rangs de l\u2019\u00e9quipe du gouvernorat de Damas en 2000. Elle a particip\u00e9 \u00e0 son premier tournoi footballistique en 2004 et a jou\u00e9 avec l\u2019\u00e9quipe nationale dans diff\u00e9rentes cat\u00e9gories d\u2019\u00e2ge.<\/p><p>S\u2019exprimant sur cette p\u00e9riode, Fadda explique : \u00ab\u00a0<strong>j\u2019ai continu\u00e9 \u00e0 jouer parall\u00e8lement \u00e0 mes \u00e9tudes jusqu\u2019\u00e0 ce que j\u2019atteigne le niveau universitaire voulu et que je devienne d\u00e9tentrice d\u2019une licence en \u00e9ducation physique\u00a0\u00bb. <\/strong>La gardienne syrienne a \u00e9galement effectu\u00e9 plusieurs stages en Syrie, sous l\u2019encadrement de la F\u00e9d\u00e9ration internationale et la F\u00e9d\u00e9ration continentale de football. Depuis son plus jeune \u00e2ge, elle s\u2019int\u00e9resse au football et \u00e0 tout ce qui s\u2019y rapporte. D\u2019ailleurs, elle \u00e9tait la seule fille de son quartier \u00e0 pratiquer ce sport. Au fil du temps, elle a commenc\u00e9 \u00e0 recevoir les \u00e9loges des joueurs professionnels.<\/p><p>\u00a0<\/p><p>Ceux qu&#8217;elle a rencontr\u00e9s tout au long de sa carri\u00e8re sportive ont \u00e9t\u00e9 impressionn\u00e9s par sa personnalit\u00e9 ainsi que ses capacit\u00e9s sur le terrain. L&#8217;ancien joueur syrien, Suhail Al-Deeb, et le joueur, Abdul-Ghani Tatish, ont tous deux salu\u00e9 son potentiel et sa valeur ajout\u00e9e dans les matches.<\/p><p>La gardienne d&#8217;Al Yamamah essaie constamment de d\u00e9velopper son potentiel en s&#8217;inspirant du gardien allemand, Oliver Kahn, et de l&#8217;ic\u00f4ne du football mondial espagnol, Alexia Putellas.<\/p>\t\t\t\t\t\t<\/div>\n\t\t\t\t<\/div>\n\t\t\t\t\t<\/div>\n\t\t<\/div>\n\t\t\t\t\t\t\t<\/div>\n\t\t<\/section>\n\t\t\t\t<section class=\"elementor-section elementor-top-section elementor-element elementor-element-097636e elementor-section-boxed elementor-section-height-default elementor-section-height-default\" data-id=\"097636e\" data-element_type=\"section\">\n\t\t\t\t\t\t<div class=\"elementor-container elementor-column-gap-default\">\n\t\t\t\t\t<div class=\"elementor-column elementor-col-100 elementor-top-column elementor-element elementor-element-a5f765e\" data-id=\"a5f765e\" data-element_type=\"column\">\n\t\t\t<div class=\"elementor-widget-wrap elementor-element-populated\">\n\t\t\t\t\t\t\t\t<div class=\"elementor-element elementor-element-2a0cfbe elementor-invisible elementor-widget elementor-widget-image\" data-id=\"2a0cfbe\" data-element_type=\"widget\" data-settings=\"{&quot;_animation&quot;:&quot;fadeIn&quot;}\" data-widget_type=\"image.default\">\n\t\t\t\t<div class=\"elementor-widget-container\">\n\t\t\t\t\t\t\t\t\t\t\t\t\t\t\t<img width=\"542\" height=\"1000\" src=\"https:\/\/tajasport.com\/wp-content\/uploads\/2022\/06\/WhatsApp-Image-2022-06-10-at-16.13.35.jpeg\" class=\"attachment-large size-large wp-image-14544\" alt=\"\" loading=\"lazy\" srcset=\"https:\/\/tajasport.com\/wp-content\/uploads\/2022\/06\/WhatsApp-Image-2022-06-10-at-16.13.35.jpeg 542w, https:\/\/tajasport.com\/wp-content\/uploads\/2022\/06\/WhatsApp-Image-2022-06-10-at-16.13.35-163x300.jpeg 163w\" sizes=\"(max-width: 542px) 100vw, 542px\" title=\"\">\t\t\t\t\t\t\t\t\t\t\t\t\t\t\t<\/div>\n\t\t\t\t<\/div>\n\t\t\t\t\t<\/div>\n\t\t<\/div>\n\t\t\t\t\t\t\t<\/div>\n\t\t<\/section>\n\t\t\t\t<section class=\"elementor-section elementor-top-section elementor-element elementor-element-a743e78 elementor-section-boxed elementor-section-height-default elementor-section-height-default\" data-id=\"a743e78\" data-element_type=\"section\">\n\t\t\t\t\t\t<div class=\"elementor-container elementor-column-gap-default\">\n\t\t\t\t\t<div class=\"elementor-column elementor-col-100 elementor-top-column elementor-element elementor-element-11bcd1c\" data-id=\"11bcd1c\" data-element_type=\"column\">\n\t\t\t<div class=\"elementor-widget-wrap elementor-element-populated\">\n\t\t\t\t\t\t\t\t<div class=\"elementor-element elementor-element-a59452a elementor-invisible elementor-widget elementor-widget-text-editor\" data-id=\"a59452a\" data-element_type=\"widget\" data-settings=\"{&quot;_animation&quot;:&quot;fadeIn&quot;}\" data-widget_type=\"text-editor.default\">\n\t\t\t\t<div class=\"elementor-widget-container\">\n\t\t\t\t\t\t\t<p>Fadda a \u00e9t\u00e9 t\u00e9moin de certains aspects de l&#8217;\u00e9volution du\u00a0<a style=\"font-family: var( --e-global-typography-text-font-family ), Sans-serif; font-weight: var( --e-global-typography-text-font-weight ); text-transform: var( --e-global-typography-text-text-transform ); background-color: #ffffff; letter-spacing: 0px; color: #ff0000; display: inline !important;\" href=\"https:\/\/www.facebook.com\/syrianfa\/\" target=\"_blank\" rel=\"noopener\">football f\u00e9minin dans son pays<\/a>, au cours des ann\u00e9es 2000. Depuis qu&#8217;elle a rejoint l&#8217;Arabie saoudite avec sa famille \u00e0 la recherche de nouvelles opportunit\u00e9s, elle a \u00e9t\u00e9 impressionn\u00e9e par les efforts que ce pays de la p\u00e9ninsule Arabique fournit pour soutenir le football f\u00e9minin, raison pour laquelle elle a rejoint l&#8217;\u00e9quipe Al Yamamah \u00e0 Riyad et en est devenue la premi\u00e8re gardienne.<\/p><p>\u00ab\u00a0<strong>L&#8217;une des raisons derri\u00e8re le d\u00e9veloppement du football f\u00e9minin en Arabie Saoudite est la mise en place de camps pr\u00e9paratoires internes et externes dont le but est d&#8217;augmenter les frictions et de d\u00e9velopper l&#8217;expertise<\/strong>\u00a0\u00bb, explique Safa Fadda, qui esp\u00e8re que l&#8217;\u00e9quipe syrienne reprend ses participations \u00e0 l\u2019\u00e9tranger. \u00ab\u00a0<strong>Je souhaite pouvoir repr\u00e9senter mon pays \u00e0 nouveau, car les femmes syriennes sont toujours capables d&#8217;accomplir des exploits<\/strong>\u00a0\u00bb, a affirm\u00e9 la gardienne syrienne.<\/p><p>Fadda croit en la composition de l&#8217;actuelle F\u00e9d\u00e9ration syrienne de football, qui, selon elle, est capable de promouvoir le football f\u00e9minin. La pr\u00e9sence de l&#8217;entra\u00eeneuse Nancy Muammar, parmi les membres, apporterait sans doute une contribution essentielle au football f\u00e9minin syrien. D\u2019autant plus que \u00ab\u00a0<strong>la soci\u00e9t\u00e9 syrienne regorge de footballeuses talentueuses<\/strong>\u00a0\u00bb, conclut Safa Fadda.<\/p>\t\t\t\t\t\t<\/div>\n\t\t\t\t<\/div>\n\t\t\t\t\t<\/div>\n\t\t<\/div>\n\t\t\t\t\t\t\t<\/div>\n\t\t<\/section>\n\t\t\t\t\t\t\t<\/div>\n\t\t","protected":false},"excerpt":{"rendered":"<p>La guerre en Syrie n\u2019a pas \u00e9pargn\u00e9 le secteur du sport. L\u2019activit\u00e9 footballistique locale a \u00e9t\u00e9 suspendue pendant longtemps. Les conflits n\u2019ont cependant pas eu raison du d\u00e9veloppement sportif des joueuses syriennes de football f\u00e9minin. Celles-ci ont profit\u00e9 de cette pause pour travailler sur une meilleure mise en valeur de leurs talents footballistiques. Safa Fadda, gardienne de l\u2019\u00e9quipe f\u00e9minine syrienne, a mis cette opportunit\u00e9 \u00e0 son avantage. Elle a r\u00e9ussi \u00e0 se faire remarquer par l\u2019Arabie Saoudite qui lui a ouvert la voie de la professionnalisation, au moment o\u00f9 le football f\u00e9minin saoudien a connu un essor consid\u00e9rable, contrairement \u00e0 la Syrie. <\/p>\n","protected":false},"author":11,"featured_media":14552,"comment_status":"closed","ping_status":"closed","sticky":false,"template":"","format":"standard","meta":{"inline_featured_image":false},"categories":[14,97],"tags":[],"primary_categories":[],"_links":{"self":[{"href":"https:\/\/tajasport.com\/fr\/wp-json\/wp\/v2\/posts\/14562"}],"collection":[{"href":"https:\/\/tajasport.com\/fr\/wp-json\/wp\/v2\/posts"}],"about":[{"href":"https:\/\/tajasport.com\/fr\/wp-json\/wp\/v2\/types\/post"}],"author":[{"embeddable":true,"href":"https:\/\/tajasport.com\/fr\/wp-json\/wp\/v2\/users\/11"}],"replies":[{"embeddable":true,"href":"https:\/\/tajasport.com\/fr\/wp-json\/wp\/v2\/comments?post=14562"}],"version-history":[{"count":5,"href":"https:\/\/tajasport.com\/fr\/wp-json\/wp\/v2\/posts\/14562\/revisions"}],"predecessor-version":[{"id":14568,"href":"https:\/\/tajasport.com\/fr\/wp-json\/wp\/v2\/posts\/14562\/revisions\/14568"}],"wp:featuredmedia":[{"embeddable":true,"href":"https:\/\/tajasport.com\/fr\/wp-json\/wp\/v2\/media\/14552"}],"wp:attachment":[{"href":"https:\/\/tajasport.com\/fr\/wp-json\/wp\/v2\/media?parent=14562"}],"wp:term":[{"taxonomy":"category","embeddable":true,"href":"https:\/\/tajasport.com\/fr\/wp-json\/wp\/v2\/categories?post=14562"},{"taxonomy":"post_tag","embeddable":true,"href":"https:\/\/tajasport.com\/fr\/wp-json\/wp\/v2\/tags?post=14562"}],"curies":[{"name":"wp","href":"https:\/\/api.w.org\/{rel}","templated":true}]}}