{"id":15277,"date":"2022-07-02T10:42:58","date_gmt":"2022-07-02T08:42:58","guid":{"rendered":"https:\/\/tajasport.com\/la-can-2022-arrive-a-grands-pas-les-aigles-de-carthage-et-les-lionnes-de-latlas-sont-elles-pretes\/"},"modified":"2023-05-10T13:58:29","modified_gmt":"2023-05-10T11:58:29","slug":"la-can-2022-arrive-a-grands-pas-les-aigles-de-carthage-et-les-lionnes-de-latlas-sont-elles-pretes","status":"publish","type":"post","link":"https:\/\/tajasport.com\/fr\/la-can-2022-arrive-a-grands-pas-les-aigles-de-carthage-et-les-lionnes-de-latlas-sont-elles-pretes\/","title":{"rendered":"La CAN 2022 arrive \u00e0 grands pas : les Aigles de Carthage et les Lionnes de l\u2019Atlas sont-elles pr\u00eates ?"},"content":{"rendered":"\t\t<div data-elementor-type=\"wp-post\" data-elementor-id=\"15277\" class=\"elementor elementor-15277 elementor-15241\">\n\t\t\t\t\t\t\t\t\t<section class=\"elementor-section elementor-top-section elementor-element elementor-element-34c85ea0 elementor-section-boxed elementor-section-height-default elementor-section-height-default\" data-id=\"34c85ea0\" data-element_type=\"section\">\n\t\t\t\t\t\t<div class=\"elementor-container elementor-column-gap-default\">\n\t\t\t\t\t<div class=\"elementor-column elementor-col-100 elementor-top-column elementor-element elementor-element-60762d5e\" data-id=\"60762d5e\" data-element_type=\"column\">\n\t\t\t<div class=\"elementor-widget-wrap elementor-element-populated\">\n\t\t\t\t\t\t\t\t<div class=\"elementor-element elementor-element-337e410f elementor-invisible elementor-widget elementor-widget-text-editor\" data-id=\"337e410f\" data-element_type=\"widget\" data-settings=\"{&quot;_animation&quot;:&quot;fadeIn&quot;}\" data-widget_type=\"text-editor.default\">\n\t\t\t\t<div class=\"elementor-widget-container\">\n\t\t\t\t\t\t\t<p>Pour la premi\u00e8re fois de l\u2019histoire de la CAN f\u00e9minine, les 4 premi\u00e8res s\u00e9lections de la comp\u00e9tition seront qualifi\u00e9es d\u2019office \u00e0 la Coupe du Monde f\u00e9minine de 2023. En cette 14<sup>e<\/sup> \u00e9dition, l&#8217;Afrique du Nord sera repr\u00e9sent\u00e9e par le Maroc et la Tunisie. Il s\u2019agit de la 3<sup>e<\/sup> participation marocaine au tournoi continental (1998, 2000) et de la 2<sup>e<\/sup> apparition pour le pays du jasmin (2008).<\/p>\n<p>Les Lionnes de l\u2019Atlas font leur entr\u00e9e en comp\u00e9tition dans le groupe A, face au Burkina Faso, le S\u00e9n\u00e9gal et l&#8217;Ouganda. En phases de groupes, les adversaires des Aigles de Carthage sont le Togo, la Zambie et le Cameroun.<\/p>\n<p>Apr\u00e8s leur premier match face au Burkina, les Dames du royaume ch\u00e9rifien affronteront la s\u00e9lection nationale f\u00e9minine de l\u2019Ouganda, le mardi 5 juillet. Elles disputeront, par la suite, le dernier match de la phase de groupes contre le S\u00e9n\u00e9gal, le vendredi 8 juillet.<\/p>\t\t\t\t\t\t<\/div>\n\t\t\t\t<\/div>\n\t\t\t\t\t<\/div>\n\t\t<\/div>\n\t\t\t\t\t\t\t<\/div>\n\t\t<\/section>\n\t\t\t\t<section class=\"elementor-section elementor-top-section elementor-element elementor-element-8b4ad11 elementor-section-boxed elementor-section-height-default elementor-section-height-default\" data-id=\"8b4ad11\" data-element_type=\"section\">\n\t\t\t\t\t\t<div class=\"elementor-container elementor-column-gap-default\">\n\t\t\t\t\t<div class=\"elementor-column elementor-col-100 elementor-top-column elementor-element elementor-element-1076d24\" data-id=\"1076d24\" data-element_type=\"column\">\n\t\t\t<div class=\"elementor-widget-wrap elementor-element-populated\">\n\t\t\t\t\t\t\t\t<div class=\"elementor-element elementor-element-4a96b17 elementor-invisible elementor-widget elementor-widget-image\" data-id=\"4a96b17\" data-element_type=\"widget\" data-settings=\"{&quot;_animation&quot;:&quot;fadeIn&quot;}\" data-widget_type=\"image.default\">\n\t\t\t\t<div class=\"elementor-widget-container\">\n\t\t\t\t\t\t\t\t\t\t\t\t\t\t\t<img width=\"640\" height=\"645\" src=\"https:\/\/tajasport.com\/wp-content\/uploads\/2022\/07\/IMG_20220701_201058-1016x1024.jpg\" class=\"attachment-large size-large wp-image-15244\" alt=\"\" loading=\"lazy\" srcset=\"https:\/\/tajasport.com\/wp-content\/uploads\/2022\/07\/IMG_20220701_201058-1016x1024.jpg 1016w, https:\/\/tajasport.com\/wp-content\/uploads\/2022\/07\/IMG_20220701_201058-298x300.jpg 298w, https:\/\/tajasport.com\/wp-content\/uploads\/2022\/07\/IMG_20220701_201058-150x150.jpg 150w, https:\/\/tajasport.com\/wp-content\/uploads\/2022\/07\/IMG_20220701_201058-768x774.jpg 768w, https:\/\/tajasport.com\/wp-content\/uploads\/2022\/07\/IMG_20220701_201058-96x96.jpg 96w, https:\/\/tajasport.com\/wp-content\/uploads\/2022\/07\/IMG_20220701_201058.jpg 1080w\" sizes=\"(max-width: 640px) 100vw, 640px\" title=\"\">\t\t\t\t\t\t\t\t\t\t\t\t\t\t\t<\/div>\n\t\t\t\t<\/div>\n\t\t\t\t\t<\/div>\n\t\t<\/div>\n\t\t\t\t\t\t\t<\/div>\n\t\t<\/section>\n\t\t\t\t<section class=\"elementor-section elementor-top-section elementor-element elementor-element-024bae1 elementor-section-boxed elementor-section-height-default elementor-section-height-default\" data-id=\"024bae1\" data-element_type=\"section\">\n\t\t\t\t\t\t<div class=\"elementor-container elementor-column-gap-default\">\n\t\t\t\t\t<div class=\"elementor-column elementor-col-100 elementor-top-column elementor-element elementor-element-c73830e\" data-id=\"c73830e\" data-element_type=\"column\">\n\t\t\t<div class=\"elementor-widget-wrap elementor-element-populated\">\n\t\t\t\t\t\t\t\t<div class=\"elementor-element elementor-element-640c9c0 elementor-invisible elementor-widget elementor-widget-text-editor\" data-id=\"640c9c0\" data-element_type=\"widget\" data-settings=\"{&quot;_animation&quot;:&quot;fadeIn&quot;}\" data-widget_type=\"text-editor.default\">\n\t\t\t\t<div class=\"elementor-widget-container\">\n\t\t\t\t\t\t\t<p>\u00c0 l\u2019occasion du documentaire in\u00e9dit diffus\u00e9 r\u00e9cemment par Taja Sport, sur le parcours des joueuses de l\u2019\u00e9quipe nationale de football du Maroc, celles-ci ont tenue \u00e0 transmettre un message \u00e0 leur public, lui demandant un soutien franc pour la CAN 2022. R\u00e9alis\u00e9 par la fondatrice de la plateforme Taja sport, Aziza Nait Sibaha, le film documentaire porte le titre&nbsp;: <strong>\u00ab&nbsp;Lionnes de l\u2019Atlas, \u00e9coutez-les rugir&nbsp;!&nbsp;\u00bb<\/strong><\/p>\n<p><strong>\u00ab&nbsp;Si vous \u00eates de notre c\u00f4t\u00e9, la Coupe d\u2019Afrique des Nations 2022 sera \u00e0 notre port\u00e9e&nbsp;\u00bb, <\/strong>a d\u00e9clar\u00e9 Sabah Seghir, milieu de terrain du club italien de la Sampdoria, dans le cadre d\u2019une intervention extraite du documentaire susmentionn\u00e9.<\/p>\t\t\t\t\t\t<\/div>\n\t\t\t\t<\/div>\n\t\t\t\t\t<\/div>\n\t\t<\/div>\n\t\t\t\t\t\t\t<\/div>\n\t\t<\/section>\n\t\t\t\t<section class=\"elementor-section elementor-top-section elementor-element elementor-element-c9f8974 elementor-section-boxed elementor-section-height-default elementor-section-height-default\" data-id=\"c9f8974\" data-element_type=\"section\">\n\t\t\t\t\t\t<div class=\"elementor-container elementor-column-gap-default\">\n\t\t\t\t\t<div class=\"elementor-column elementor-col-100 elementor-top-column elementor-element elementor-element-c1289cf\" data-id=\"c1289cf\" data-element_type=\"column\">\n\t\t\t<div class=\"elementor-widget-wrap elementor-element-populated\">\n\t\t\t\t\t\t\t\t<div class=\"elementor-element elementor-element-a9ae446 elementor--h-position-center elementor--v-position-middle elementor-arrows-position-inside elementor-pagination-position-inside elementor-invisible elementor-widget elementor-widget-slides\" data-id=\"a9ae446\" data-element_type=\"widget\" data-settings=\"{&quot;_animation&quot;:&quot;fadeIn&quot;,&quot;navigation&quot;:&quot;both&quot;,&quot;autoplay&quot;:&quot;yes&quot;,&quot;pause_on_hover&quot;:&quot;yes&quot;,&quot;pause_on_interaction&quot;:&quot;yes&quot;,&quot;autoplay_speed&quot;:5000,&quot;infinite&quot;:&quot;yes&quot;,&quot;transition&quot;:&quot;slide&quot;,&quot;transition_speed&quot;:500}\" data-widget_type=\"slides.default\">\n\t\t\t\t<div class=\"elementor-widget-container\">\n\t\t\t\t\t<div class=\"elementor-swiper\">\n\t\t\t<div class=\"elementor-slides-wrapper elementor-main-swiper swiper-container\" dir=\"ltr\" data-animation=\"fadeInUp\">\n\t\t\t\t<div class=\"swiper-wrapper elementor-slides\">\n\t\t\t\t\t<div class=\"elementor-repeater-item-4a5d678 swiper-slide\"><div class=\"swiper-slide-bg elementor-ken-burns elementor-ken-burns--in\"><\/div><div class=\"elementor-background-overlay\"><\/div><div class=\"swiper-slide-inner\" ><div class=\"swiper-slide-contents\"><div class=\"elementor-slide-heading\">Les Lionnes de l\u2019Atlas <\/div><\/div><\/div><\/div>\t\t\t\t<\/div>\n\t\t\t\t\t\t\t<\/div>\n\t\t<\/div>\n\t\t\t\t<\/div>\n\t\t\t\t<\/div>\n\t\t\t\t\t<\/div>\n\t\t<\/div>\n\t\t\t\t\t\t\t<\/div>\n\t\t<\/section>\n\t\t\t\t<section class=\"elementor-section elementor-top-section elementor-element elementor-element-47da8ab elementor-section-boxed elementor-section-height-default elementor-section-height-default\" data-id=\"47da8ab\" data-element_type=\"section\">\n\t\t\t\t\t\t<div class=\"elementor-container elementor-column-gap-default\">\n\t\t\t\t\t<div class=\"elementor-column elementor-col-100 elementor-top-column elementor-element elementor-element-20ddced\" data-id=\"20ddced\" data-element_type=\"column\">\n\t\t\t<div class=\"elementor-widget-wrap elementor-element-populated\">\n\t\t\t\t\t\t\t\t<div class=\"elementor-element elementor-element-e368e2c elementor-invisible elementor-widget elementor-widget-text-editor\" data-id=\"e368e2c\" data-element_type=\"widget\" data-settings=\"{&quot;_animation&quot;:&quot;fadeIn&quot;}\" data-widget_type=\"text-editor.default\">\n\t\t\t\t<div class=\"elementor-widget-container\">\n\t\t\t\t\t\t\t<p>C\u00f4t\u00e9 tunisien, les footballeuses des Aigles de Carthage joueront leur premier match de la phase de groupes contre le Togo. Elles s&#8217;opposeront, par la suite, \u00e0 la Zambie&nbsp;et d\u00e9fierons en dernier lieu le Cameroun. Interview\u00e9e par le journaliste Ziad Attia, la joueuse du club tch\u00e8que, Slavia Prague, Shirine Lamti, a indiqu\u00e9 : \u00ab&nbsp;La CAN f\u00e9minine est un rendez-vous incontournable, qui pourrait nous permettre de marquer l&#8217;histoire du sport f\u00e9minin tunisien par un nouvel exploit \u00bb.<\/p>\n<p>En phase de groupes, toutes les rencontres des Lionnes de l\u2019Atlas seront disput\u00e9es au stade du Complexe sportif Moulay-Abdallah \u00e0 Rabat, ainsi que les confrontations du groupe C. Le Stade Mohammed V accueillera, en parall\u00e8le, l\u2019\u00e9quipe f\u00e9minine tunisienne et ses rivales du groupe B.<\/p>\t\t\t\t\t\t<\/div>\n\t\t\t\t<\/div>\n\t\t\t\t\t<\/div>\n\t\t<\/div>\n\t\t\t\t\t\t\t<\/div>\n\t\t<\/section>\n\t\t\t\t<section class=\"elementor-section elementor-top-section elementor-element elementor-element-9ee0b8f elementor-section-boxed elementor-section-height-default elementor-section-height-default\" data-id=\"9ee0b8f\" data-element_type=\"section\">\n\t\t\t\t\t\t<div class=\"elementor-container elementor-column-gap-default\">\n\t\t\t\t\t<div class=\"elementor-column elementor-col-100 elementor-top-column elementor-element elementor-element-88f2ba4\" data-id=\"88f2ba4\" data-element_type=\"column\">\n\t\t\t<div class=\"elementor-widget-wrap elementor-element-populated\">\n\t\t\t\t\t\t\t\t<div class=\"elementor-element elementor-element-c6beeb2 elementor-invisible elementor-widget elementor-widget-image\" data-id=\"c6beeb2\" data-element_type=\"widget\" data-settings=\"{&quot;_animation&quot;:&quot;fadeIn&quot;}\" data-widget_type=\"image.default\">\n\t\t\t\t<div class=\"elementor-widget-container\">\n\t\t\t\t\t\t\t\t\t\t\t\t<figure class=\"wp-caption\">\n\t\t\t\t\t\t\t\t\t\t<img width=\"640\" height=\"634\" src=\"https:\/\/tajasport.com\/wp-content\/uploads\/2022\/07\/IMG_20220701_201005-1024x1015.jpg\" class=\"attachment-large size-large wp-image-15248\" alt=\"\" loading=\"lazy\" srcset=\"https:\/\/tajasport.com\/wp-content\/uploads\/2022\/07\/IMG_20220701_201005-1024x1015.jpg 1024w, https:\/\/tajasport.com\/wp-content\/uploads\/2022\/07\/IMG_20220701_201005-300x297.jpg 300w, https:\/\/tajasport.com\/wp-content\/uploads\/2022\/07\/IMG_20220701_201005-150x150.jpg 150w, https:\/\/tajasport.com\/wp-content\/uploads\/2022\/07\/IMG_20220701_201005-768x762.jpg 768w, https:\/\/tajasport.com\/wp-content\/uploads\/2022\/07\/IMG_20220701_201005-96x96.jpg 96w, https:\/\/tajasport.com\/wp-content\/uploads\/2022\/07\/IMG_20220701_201005.jpg 1079w\" sizes=\"(max-width: 640px) 100vw, 640px\" title=\"\">\t\t\t\t\t\t\t\t\t\t\t<figcaption class=\"widget-image-caption wp-caption-text\">Sabrine Ellouzi<\/figcaption>\n\t\t\t\t\t\t\t\t\t\t<\/figure>\n\t\t\t\t\t\t\t\t\t<\/div>\n\t\t\t\t<\/div>\n\t\t\t\t\t<\/div>\n\t\t<\/div>\n\t\t\t\t\t\t\t<\/div>\n\t\t<\/section>\n\t\t\t\t<section class=\"elementor-section elementor-top-section elementor-element elementor-element-55e0f14 elementor-section-boxed elementor-section-height-default elementor-section-height-default\" data-id=\"55e0f14\" data-element_type=\"section\">\n\t\t\t\t\t\t<div class=\"elementor-container elementor-column-gap-default\">\n\t\t\t\t\t<div class=\"elementor-column elementor-col-100 elementor-top-column elementor-element elementor-element-1973da8\" data-id=\"1973da8\" data-element_type=\"column\">\n\t\t\t<div class=\"elementor-widget-wrap elementor-element-populated\">\n\t\t\t\t\t\t\t\t<div class=\"elementor-element elementor-element-9347fcf elementor-invisible elementor-widget elementor-widget-text-editor\" data-id=\"9347fcf\" data-element_type=\"widget\" data-settings=\"{&quot;_animation&quot;:&quot;fadeIn&quot;}\" data-widget_type=\"text-editor.default\">\n\t\t\t\t<div class=\"elementor-widget-container\">\n\t\t\t\t\t\t\t<p>Avec cette \u00e9dition marocaine, l\u2019organisation de la CAN f\u00e9minine est confi\u00e9e, pour la premi\u00e8re fois, \u00e0 un pays nord-africain.<\/p>\n<p>Lanc\u00e9e en 1991, la CAN f\u00e9minine a lieu chaque 2 ans, depuis 1998.<\/p>\n<p>Selon le classement de la FIFA, le Nigeria arrive en premi\u00e8re position, en Afrique avec un nombre de victoires record dans l&#8217;histoire de la CAN f\u00e9minine.<\/p>\n<p>En effet, la s\u00e9lection nig\u00e9riane a remport\u00e9 11 Coupes d&#8217;Afrique sur les 14 organis\u00e9es. Les 2 autres, ont \u00e9t\u00e9 gagn\u00e9es par la Guin\u00e9e \u00e9quatoriale.<\/p>\t\t\t\t\t\t<\/div>\n\t\t\t\t<\/div>\n\t\t\t\t\t<\/div>\n\t\t<\/div>\n\t\t\t\t\t\t\t<\/div>\n\t\t<\/section>\n\t\t\t\t<section class=\"elementor-section elementor-top-section elementor-element elementor-element-8ae6a5b elementor-section-boxed elementor-section-height-default elementor-section-height-default\" data-id=\"8ae6a5b\" data-element_type=\"section\">\n\t\t\t\t\t\t<div class=\"elementor-container elementor-column-gap-default\">\n\t\t\t\t\t<div class=\"elementor-column elementor-col-100 elementor-top-column elementor-element elementor-element-322b39f\" data-id=\"322b39f\" data-element_type=\"column\">\n\t\t\t<div class=\"elementor-widget-wrap elementor-element-populated\">\n\t\t\t\t\t\t\t\t<div class=\"elementor-element elementor-element-76ca0c3 ekit-image-accordion-hover ekit-image-accordion-horizontal elementor-invisible elementor-widget elementor-widget-elementskit-image-accordion\" data-id=\"76ca0c3\" data-element_type=\"widget\" data-settings=\"{&quot;_animation&quot;:&quot;fadeIn&quot;}\" data-widget_type=\"elementskit-image-accordion.default\">\n\t\t\t\t<div class=\"elementor-widget-container\">\n\t\t\t<div class=\"ekit-wid-con\" >        <div class=\"ekit-image-accordion elementskit-image-accordion-wraper\">\n                            <input type=\"radio\" name=\"ekit_ia_76ca0c3\" id=\"ekit_ia_76ca0c3_0\" class=\"elementskit-single-image-accordion--input\"  hidden>\n                <label for=\"ekit_ia_76ca0c3_0\" class=\"elementskit-single-image-accordion ekit-image-accordion-item\" style=\"background-image: url(https:\/\/tajasport.com\/wp-content\/uploads\/2022\/04\/\u063a\u0644\u0627\u0641-\u0643\u0623\u0633-\u0623\u0623\u0641\u0631\u064a\u0642\u064a\u0627-1.png)\" data-link=\"{&quot;url&quot;:&quot;https:\\\/\\\/tajasport.com\\\/%d9%83%d8%a3%d8%b3-%d8%a3%d9%81%d8%b1%d9%8a%d9%82%d9%8a%d8%a7-%d9%84%d9%83%d8%b1%d8%a9-%d8%a7%d9%84%d9%82%d8%af%d9%85-%d9%84%d9%84%d8%b3%d9%8a%d8%af%d8%a7%d8%aa\\\/&quot;,&quot;is_external&quot;:&quot;&quot;,&quot;nofollow&quot;:&quot;&quot;,&quot;custom_attributes&quot;:&quot;&quot;}\" data-behavior=\"hover\" data-active=\"\">\n                    <span class=\"elementskit-accordion-content\">\n                                            <span class=\"elementskit-accordion-title-wraper\">\n                            <span class=\"elementskit-accordion-title \">\n                            \n                            La CAN f\u00e9minine 2022\n                                                        <\/span>\n                        <\/span>\n                                                    <span class=\"elementskit-btn-wraper\">\n                                <a class=\"ekit-image-accordion--btn elementskit-btn whitespace--normal\" href=\"https:\/\/tajasport.com\/%d9%83%d8%a3%d8%b3-%d8%a3%d9%81%d8%b1%d9%8a%d9%82%d9%8a%d8%a7-%d9%84%d9%83%d8%b1%d8%a9-%d8%a7%d9%84%d9%82%d8%af%d9%85-%d9%84%d9%84%d8%b3%d9%8a%d8%af%d8%a7%d8%aa\/\">\n                                    Lire aussi                                <\/a>\n                            <\/span>\n                                            <\/span>\n                <\/label>\n                    <\/div>\n    <\/div>\t\t<\/div>\n\t\t\t\t<\/div>\n\t\t\t\t\t<\/div>\n\t\t<\/div>\n\t\t\t\t\t\t\t<\/div>\n\t\t<\/section>\n\t\t\t\t<section class=\"elementor-section elementor-top-section elementor-element elementor-element-5c73e2c elementor-section-boxed elementor-section-height-default elementor-section-height-default\" data-id=\"5c73e2c\" data-element_type=\"section\">\n\t\t\t\t\t\t<div class=\"elementor-container elementor-column-gap-default\">\n\t\t\t\t\t<div class=\"elementor-column elementor-col-100 elementor-top-column elementor-element elementor-element-e05f9b3\" data-id=\"e05f9b3\" data-element_type=\"column\">\n\t\t\t<div class=\"elementor-widget-wrap elementor-element-populated\">\n\t\t\t\t\t\t\t\t<div class=\"elementor-element elementor-element-ecc1031 elementor-invisible elementor-widget elementor-widget-text-editor\" data-id=\"ecc1031\" data-element_type=\"widget\" data-settings=\"{&quot;_animation&quot;:&quot;fadeIn&quot;}\" data-widget_type=\"text-editor.default\">\n\t\t\t\t<div class=\"elementor-widget-container\">\n\t\t\t\t\t\t\t<p>Taja sport suivra de pr\u00e8s, tout au long de la CAN 2022, les parcours des 2 s\u00e9lections du football f\u00e9minin nord-africain, pour vous tenir inform\u00e9s de leurs exploits.<\/p>\t\t\t\t\t\t<\/div>\n\t\t\t\t<\/div>\n\t\t\t\t\t<\/div>\n\t\t<\/div>\n\t\t\t\t\t\t\t<\/div>\n\t\t<\/section>\n\t\t\t\t\t\t\t<\/div>\n\t\t","protected":false},"excerpt":{"rendered":"<p>Tous les amoureux du football f\u00e9minin africain ont les yeux riv\u00e9s sur le Maroc. Le pays s&#8217;appr\u00eate \u00e0 lancer le coup d\u2019envoi de la Coupe d\u2019Afrique des Nations Dames &#8211; CAN 2022, qui se tiendra du 2 au 23 juillet. L&#8217;\u00e9v\u00e9nement sportif d\u00e9butera officiellement dans l\u2019apr\u00e8s-midi du samedi 2 juillet, par un premier match qui opposera l\u2019\u00e9quipe nationale f\u00e9minine marocaine aux burkinab\u00e9s, dans le stade du Complexe sportif Moulay-Abdallah. <\/p>\n","protected":false},"author":11,"featured_media":15253,"comment_status":"closed","ping_status":"closed","sticky":false,"template":"","format":"standard","meta":{"inline_featured_image":false},"categories":[14,97],"tags":[],"primary_categories":[],"_links":{"self":[{"href":"https:\/\/tajasport.com\/fr\/wp-json\/wp\/v2\/posts\/15277"}],"collection":[{"href":"https:\/\/tajasport.com\/fr\/wp-json\/wp\/v2\/posts"}],"about":[{"href":"https:\/\/tajasport.com\/fr\/wp-json\/wp\/v2\/types\/post"}],"author":[{"embeddable":true,"href":"https:\/\/tajasport.com\/fr\/wp-json\/wp\/v2\/users\/11"}],"replies":[{"embeddable":true,"href":"https:\/\/tajasport.com\/fr\/wp-json\/wp\/v2\/comments?post=15277"}],"version-history":[{"count":5,"href":"https:\/\/tajasport.com\/fr\/wp-json\/wp\/v2\/posts\/15277\/revisions"}],"predecessor-version":[{"id":15282,"href":"https:\/\/tajasport.com\/fr\/wp-json\/wp\/v2\/posts\/15277\/revisions\/15282"}],"wp:featuredmedia":[{"embeddable":true,"href":"https:\/\/tajasport.com\/fr\/wp-json\/wp\/v2\/media\/15253"}],"wp:attachment":[{"href":"https:\/\/tajasport.com\/fr\/wp-json\/wp\/v2\/media?parent=15277"}],"wp:term":[{"taxonomy":"category","embeddable":true,"href":"https:\/\/tajasport.com\/fr\/wp-json\/wp\/v2\/categories?post=15277"},{"taxonomy":"post_tag","embeddable":true,"href":"https:\/\/tajasport.com\/fr\/wp-json\/wp\/v2\/tags?post=15277"}],"curies":[{"name":"wp","href":"https:\/\/api.w.org\/{rel}","templated":true}]}}