{"id":15348,"date":"2022-07-03T12:03:49","date_gmt":"2022-07-03T11:03:49","guid":{"rendered":"https:\/\/tajasport.com\/?p=15348"},"modified":"2022-07-03T12:03:49","modified_gmt":"2022-07-03T11:03:49","slug":"can2022-dames-les-lionnes-de-latlas-en-tete-du-groupe-a","status":"publish","type":"post","link":"https:\/\/tajasport.com\/fr\/can2022-dames-les-lionnes-de-latlas-en-tete-du-groupe-a\/","title":{"rendered":"CAN2022 DAMES : Les Lionnes de l\u2019Atlas en t\u00eate du groupe A"},"content":{"rendered":"\t\t<div data-elementor-type=\"wp-post\" data-elementor-id=\"15348\" class=\"elementor elementor-15348 elementor-15319\">\n\t\t\t\t\t\t\t\t\t<section class=\"elementor-section elementor-top-section elementor-element elementor-element-41af754 elementor-section-boxed elementor-section-height-default elementor-section-height-default\" data-id=\"41af754\" data-element_type=\"section\">\n\t\t\t\t\t\t<div class=\"elementor-container elementor-column-gap-default\">\n\t\t\t\t\t<div class=\"elementor-column elementor-col-100 elementor-top-column elementor-element elementor-element-5b00f1fe\" data-id=\"5b00f1fe\" data-element_type=\"column\">\n\t\t\t<div class=\"elementor-widget-wrap elementor-element-populated\">\n\t\t\t\t\t\t\t\t<div class=\"elementor-element elementor-element-5ca6f001 elementor-widget elementor-widget-text-editor\" data-id=\"5ca6f001\" data-element_type=\"widget\" data-widget_type=\"text-editor.default\">\n\t\t\t\t<div class=\"elementor-widget-container\">\n\t\t\t\t\t\t\t<p>C\u2019est une belle lucarne sign\u00e9e de la capitaine\u00a0<a style=\"font-family: var( --e-global-typography-text-font-family ), Sans-serif; font-weight: var( --e-global-typography-text-font-weight ); text-transform: var( --e-global-typography-text-text-transform ); background-color: #ffffff; letter-spacing: 0px; color: #ff0000; display: inline !important;\" href=\"https:\/\/tajasport.com\/fr\/ghizlane-chebbak-le-voyage-inspirant-de-la-superstar-de-lequipe-de-larmee-royale-far\/\">Ghizlane Chebbak<\/a>\u00a0qui a offert la victoire \u00e0 l\u2019\u00e9quipe marocaine avec l\u2019unique but marqu\u00e9 pendant cette rencontre. Chebbak qui s\u2019est illustr\u00e9e sur le terrain du Complexe Moulay Abdellah, a d\u2019ailleurs \u00e9t\u00e9 d\u00e9sign\u00e9e Meilleure joueuse du match.<\/p><p>Les Lionnes de l\u2019Atlas faisaient face aux Etalons Dames du Burkina Faso, devant un stade quasi enti\u00e8rement aux couleurs du drapeau marocain.<\/p><p>Cette pr\u00e9sence massive des supporters des Lionnes a ravi le s\u00e9lectionneur Reynald Pedros, qui a d\u00e9clar\u00e9 qu\u2019il esp\u00e9rait que cet engouement continuerait jusqu\u2019\u00e0 la fin de\u00a0<a style=\"font-family: var( --e-global-typography-text-font-family ), Sans-serif; font-weight: var( --e-global-typography-text-font-weight ); text-transform: var( --e-global-typography-text-text-transform ); background-color: #ffffff; letter-spacing: 0px; color: #ff0000; display: inline !important;\" href=\"https:\/\/www.cafonline.com\/\" target=\"_blank\" rel=\"noopener\">la comp\u00e9tition<\/a>.<\/p>\t\t\t\t\t\t<\/div>\n\t\t\t\t<\/div>\n\t\t\t\t\t<\/div>\n\t\t<\/div>\n\t\t\t\t\t\t\t<\/div>\n\t\t<\/section>\n\t\t\t\t<section class=\"elementor-section elementor-top-section elementor-element elementor-element-13f8d6c elementor-section-boxed elementor-section-height-default elementor-section-height-default\" data-id=\"13f8d6c\" data-element_type=\"section\">\n\t\t\t\t\t\t<div class=\"elementor-container elementor-column-gap-default\">\n\t\t\t\t\t<div class=\"elementor-column elementor-col-50 elementor-top-column elementor-element elementor-element-d857b6e\" data-id=\"d857b6e\" data-element_type=\"column\">\n\t\t\t<div class=\"elementor-widget-wrap elementor-element-populated\">\n\t\t\t\t\t\t\t\t<div class=\"elementor-element elementor-element-5761fe1 elementor-widget elementor-widget-image\" data-id=\"5761fe1\" data-element_type=\"widget\" data-widget_type=\"image.default\">\n\t\t\t\t<div class=\"elementor-widget-container\">\n\t\t\t\t\t\t\t\t\t\t\t\t<figure class=\"wp-caption\">\n\t\t\t\t\t\t\t\t\t\t<img width=\"640\" height=\"427\" src=\"https:\/\/tajasport.com\/wp-content\/uploads\/2022\/07\/20220703_113538-1024x683.jpg\" class=\"attachment-large size-large wp-image-15323\" alt=\"CAN2022 DAMES\" loading=\"lazy\" srcset=\"https:\/\/tajasport.com\/wp-content\/uploads\/2022\/07\/20220703_113538-1024x683.jpg 1024w, https:\/\/tajasport.com\/wp-content\/uploads\/2022\/07\/20220703_113538-300x200.jpg 300w, https:\/\/tajasport.com\/wp-content\/uploads\/2022\/07\/20220703_113538-768x512.jpg 768w, https:\/\/tajasport.com\/wp-content\/uploads\/2022\/07\/20220703_113538-1536x1024.jpg 1536w, https:\/\/tajasport.com\/wp-content\/uploads\/2022\/07\/20220703_113538-2048x1365.jpg 2048w\" sizes=\"(max-width: 640px) 100vw, 640px\" title=\"\">\t\t\t\t\t\t\t\t\t\t\t<figcaption class=\"widget-image-caption wp-caption-text\">Cr\u00e9dit photo: CAF<\/figcaption>\n\t\t\t\t\t\t\t\t\t\t<\/figure>\n\t\t\t\t\t\t\t\t\t<\/div>\n\t\t\t\t<\/div>\n\t\t\t\t\t<\/div>\n\t\t<\/div>\n\t\t\t\t<div class=\"elementor-column elementor-col-50 elementor-top-column elementor-element elementor-element-880bce8\" data-id=\"880bce8\" data-element_type=\"column\">\n\t\t\t<div class=\"elementor-widget-wrap elementor-element-populated\">\n\t\t\t\t\t\t\t\t<div class=\"elementor-element elementor-element-6919764 elementor-widget elementor-widget-image\" data-id=\"6919764\" data-element_type=\"widget\" data-widget_type=\"image.default\">\n\t\t\t\t<div class=\"elementor-widget-container\">\n\t\t\t\t\t\t\t\t\t\t\t\t<figure class=\"wp-caption\">\n\t\t\t\t\t\t\t\t\t\t<img width=\"640\" height=\"427\" src=\"https:\/\/tajasport.com\/wp-content\/uploads\/2022\/07\/20220703_113508-1024x683.jpg\" class=\"attachment-large size-large wp-image-15325\" alt=\"CAN2022 DAMES\" loading=\"lazy\" srcset=\"https:\/\/tajasport.com\/wp-content\/uploads\/2022\/07\/20220703_113508-1024x683.jpg 1024w, https:\/\/tajasport.com\/wp-content\/uploads\/2022\/07\/20220703_113508-300x200.jpg 300w, https:\/\/tajasport.com\/wp-content\/uploads\/2022\/07\/20220703_113508-768x512.jpg 768w, https:\/\/tajasport.com\/wp-content\/uploads\/2022\/07\/20220703_113508-1536x1024.jpg 1536w, https:\/\/tajasport.com\/wp-content\/uploads\/2022\/07\/20220703_113508-2048x1365.jpg 2048w\" sizes=\"(max-width: 640px) 100vw, 640px\" title=\"\">\t\t\t\t\t\t\t\t\t\t\t<figcaption class=\"widget-image-caption wp-caption-text\">Cr\u00e9dit photo: CAF<\/figcaption>\n\t\t\t\t\t\t\t\t\t\t<\/figure>\n\t\t\t\t\t\t\t\t\t<\/div>\n\t\t\t\t<\/div>\n\t\t\t\t\t<\/div>\n\t\t<\/div>\n\t\t\t\t\t\t\t<\/div>\n\t\t<\/section>\n\t\t\t\t<section class=\"elementor-section elementor-top-section elementor-element elementor-element-fa2f172 elementor-section-boxed elementor-section-height-default elementor-section-height-default\" data-id=\"fa2f172\" data-element_type=\"section\">\n\t\t\t\t\t\t<div class=\"elementor-container elementor-column-gap-default\">\n\t\t\t\t\t<div class=\"elementor-column elementor-col-100 elementor-top-column elementor-element elementor-element-bba50ff\" data-id=\"bba50ff\" data-element_type=\"column\">\n\t\t\t<div class=\"elementor-widget-wrap elementor-element-populated\">\n\t\t\t\t\t\t\t\t<div class=\"elementor-element elementor-element-4a4bb15 elementor-widget elementor-widget-text-editor\" data-id=\"4a4bb15\" data-element_type=\"widget\" data-widget_type=\"text-editor.default\">\n\t\t\t\t<div class=\"elementor-widget-container\">\n\t\t\t\t\t\t\t<p>Mais cette victoire est \u00e0 relativiser pour plusieurs joueuses, puisqu\u2019elle a \u00e9t\u00e9 arrach\u00e9e \u00e0 une jeune \u00e9quipe consid\u00e9r\u00e9e comme \u00e9tant la moins exp\u00e9riment\u00e9e de cette \u00e9dition.<\/p><p>\u00ab Nous avons gagn\u00e9, mais je voudrais montrer au public un meilleur football et j\u2019esp\u00e8re qu\u2019on aura l\u2019occasion de marquer plus de buts lors des prochaines rencontres \u00bb, a d\u00e9clar\u00e9 l\u2019attaquante des Lionnes de l\u2019Atlas Rosella Ayane, qui \u00e9volue aussi dans les rangs de Tottenham Hotspur dans le championnat anglais.<\/p><p>Ayane qui a d\u2019ailleurs \u00e9t\u00e9 derri\u00e8re plusieurs actions pendant ce match, mais qui n\u2019ont pas \u00e9t\u00e9 couronn\u00e9es de succ\u00e8s, gr\u00e2ce \u00e0 la d\u00e9fense des Burkinab\u00e9es.<\/p>\t\t\t\t\t\t<\/div>\n\t\t\t\t<\/div>\n\t\t\t\t\t<\/div>\n\t\t<\/div>\n\t\t\t\t\t\t\t<\/div>\n\t\t<\/section>\n\t\t\t\t<section class=\"elementor-section elementor-top-section elementor-element elementor-element-a584772 elementor-section-boxed elementor-section-height-default elementor-section-height-default\" data-id=\"a584772\" data-element_type=\"section\">\n\t\t\t\t\t\t<div class=\"elementor-container elementor-column-gap-default\">\n\t\t\t\t\t<div class=\"elementor-column elementor-col-100 elementor-top-column elementor-element elementor-element-5d386ea\" data-id=\"5d386ea\" data-element_type=\"column\">\n\t\t\t<div class=\"elementor-widget-wrap elementor-element-populated\">\n\t\t\t\t\t\t\t\t<div class=\"elementor-element elementor-element-297a1f1 elementor-widget elementor-widget-image\" data-id=\"297a1f1\" data-element_type=\"widget\" data-widget_type=\"image.default\">\n\t\t\t\t<div class=\"elementor-widget-container\">\n\t\t\t\t\t\t\t\t\t\t\t\t<figure class=\"wp-caption\">\n\t\t\t\t\t\t\t\t\t\t<img width=\"640\" height=\"474\" src=\"https:\/\/tajasport.com\/wp-content\/uploads\/2022\/07\/20220703_113547-1024x758.jpg\" class=\"attachment-large size-large wp-image-15327\" alt=\"CAN2022 DAMES\" loading=\"lazy\" srcset=\"https:\/\/tajasport.com\/wp-content\/uploads\/2022\/07\/20220703_113547-1024x758.jpg 1024w, https:\/\/tajasport.com\/wp-content\/uploads\/2022\/07\/20220703_113547-300x222.jpg 300w, https:\/\/tajasport.com\/wp-content\/uploads\/2022\/07\/20220703_113547-768x568.jpg 768w, https:\/\/tajasport.com\/wp-content\/uploads\/2022\/07\/20220703_113547-1536x1137.jpg 1536w, https:\/\/tajasport.com\/wp-content\/uploads\/2022\/07\/20220703_113547-2048x1516.jpg 2048w\" sizes=\"(max-width: 640px) 100vw, 640px\" title=\"\">\t\t\t\t\t\t\t\t\t\t\t<figcaption class=\"widget-image-caption wp-caption-text\">Cr\u00e9dit photo: CAF<\/figcaption>\n\t\t\t\t\t\t\t\t\t\t<\/figure>\n\t\t\t\t\t\t\t\t\t<\/div>\n\t\t\t\t<\/div>\n\t\t\t\t\t<\/div>\n\t\t<\/div>\n\t\t\t\t\t\t\t<\/div>\n\t\t<\/section>\n\t\t\t\t<section class=\"elementor-section elementor-top-section elementor-element elementor-element-c8dc098 elementor-section-boxed elementor-section-height-default elementor-section-height-default\" data-id=\"c8dc098\" data-element_type=\"section\">\n\t\t\t\t\t\t<div class=\"elementor-container elementor-column-gap-default\">\n\t\t\t\t\t<div class=\"elementor-column elementor-col-100 elementor-top-column elementor-element elementor-element-259e38a\" data-id=\"259e38a\" data-element_type=\"column\">\n\t\t\t<div class=\"elementor-widget-wrap elementor-element-populated\">\n\t\t\t\t\t\t\t\t<div class=\"elementor-element elementor-element-df7b37c elementor-widget elementor-widget-text-editor\" data-id=\"df7b37c\" data-element_type=\"widget\" data-widget_type=\"text-editor.default\">\n\t\t\t\t<div class=\"elementor-widget-container\">\n\t\t\t\t\t\t\t<p>Le top d\u00e9part de cette journ\u00e9e d\u2019ouverture de la Coupe d\u2019Afrique des Nations \u00e0 Rabat a \u00e9t\u00e9 donn\u00e9 au rythme d\u2019un grand spectacle musical aux couleurs de l\u2019Afrique. Une soir\u00e9e d\u2019ouverture qui a connu la pr\u00e9sence du Pr\u00e9sident de la FIFA Gianni Infantino, du Pr\u00e9sident de la F\u00e9d\u00e9ration Royale Marocaine de Footbal Faouzi Lakjaa et du Pr\u00e9sident de la CAF Patrice Motsepe<\/p>\t\t\t\t\t\t<\/div>\n\t\t\t\t<\/div>\n\t\t\t\t\t<\/div>\n\t\t<\/div>\n\t\t\t\t\t\t\t<\/div>\n\t\t<\/section>\n\t\t\t\t<section class=\"elementor-section elementor-top-section elementor-element elementor-element-888ffd0 elementor-section-boxed elementor-section-height-default elementor-section-height-default\" data-id=\"888ffd0\" data-element_type=\"section\">\n\t\t\t\t\t\t<div class=\"elementor-container elementor-column-gap-default\">\n\t\t\t\t\t<div class=\"elementor-column elementor-col-50 elementor-top-column elementor-element elementor-element-77e954f\" data-id=\"77e954f\" data-element_type=\"column\">\n\t\t\t<div class=\"elementor-widget-wrap elementor-element-populated\">\n\t\t\t\t\t\t\t\t<div class=\"elementor-element elementor-element-cbcbdf3 elementor-widget elementor-widget-image\" data-id=\"cbcbdf3\" data-element_type=\"widget\" data-widget_type=\"image.default\">\n\t\t\t\t<div class=\"elementor-widget-container\">\n\t\t\t\t\t\t\t\t\t\t\t\t<figure class=\"wp-caption\">\n\t\t\t\t\t\t\t\t\t\t<img width=\"640\" height=\"427\" src=\"https:\/\/tajasport.com\/wp-content\/uploads\/2022\/07\/20220703_113556-1024x683.jpg\" class=\"attachment-large size-large wp-image-15329\" alt=\"CAN2022 DAMES\" loading=\"lazy\" srcset=\"https:\/\/tajasport.com\/wp-content\/uploads\/2022\/07\/20220703_113556-1024x683.jpg 1024w, https:\/\/tajasport.com\/wp-content\/uploads\/2022\/07\/20220703_113556-300x200.jpg 300w, https:\/\/tajasport.com\/wp-content\/uploads\/2022\/07\/20220703_113556-768x512.jpg 768w, https:\/\/tajasport.com\/wp-content\/uploads\/2022\/07\/20220703_113556-1536x1024.jpg 1536w, https:\/\/tajasport.com\/wp-content\/uploads\/2022\/07\/20220703_113556.jpg 2048w\" sizes=\"(max-width: 640px) 100vw, 640px\" title=\"\">\t\t\t\t\t\t\t\t\t\t\t<figcaption class=\"widget-image-caption wp-caption-text\">Cr\u00e9dit photo: CAF<\/figcaption>\n\t\t\t\t\t\t\t\t\t\t<\/figure>\n\t\t\t\t\t\t\t\t\t<\/div>\n\t\t\t\t<\/div>\n\t\t\t\t\t<\/div>\n\t\t<\/div>\n\t\t\t\t<div class=\"elementor-column elementor-col-50 elementor-top-column elementor-element elementor-element-714bd49\" data-id=\"714bd49\" data-element_type=\"column\">\n\t\t\t<div class=\"elementor-widget-wrap elementor-element-populated\">\n\t\t\t\t\t\t\t\t<div class=\"elementor-element elementor-element-b111408 elementor-widget elementor-widget-image\" data-id=\"b111408\" data-element_type=\"widget\" data-widget_type=\"image.default\">\n\t\t\t\t<div class=\"elementor-widget-container\">\n\t\t\t\t\t\t\t\t\t\t\t\t<figure class=\"wp-caption\">\n\t\t\t\t\t\t\t\t\t\t<img width=\"640\" height=\"427\" src=\"https:\/\/tajasport.com\/wp-content\/uploads\/2022\/07\/20220703_113558-1024x683.jpg\" class=\"attachment-large size-large wp-image-15331\" alt=\"CAN2022 DAMES\" loading=\"lazy\" srcset=\"https:\/\/tajasport.com\/wp-content\/uploads\/2022\/07\/20220703_113558-1024x683.jpg 1024w, https:\/\/tajasport.com\/wp-content\/uploads\/2022\/07\/20220703_113558-300x200.jpg 300w, https:\/\/tajasport.com\/wp-content\/uploads\/2022\/07\/20220703_113558-768x512.jpg 768w, https:\/\/tajasport.com\/wp-content\/uploads\/2022\/07\/20220703_113558-1536x1024.jpg 1536w, https:\/\/tajasport.com\/wp-content\/uploads\/2022\/07\/20220703_113558.jpg 2048w\" sizes=\"(max-width: 640px) 100vw, 640px\" title=\"\">\t\t\t\t\t\t\t\t\t\t\t<figcaption class=\"widget-image-caption wp-caption-text\">Cr\u00e9dit photo: CAF<\/figcaption>\n\t\t\t\t\t\t\t\t\t\t<\/figure>\n\t\t\t\t\t\t\t\t\t<\/div>\n\t\t\t\t<\/div>\n\t\t\t\t\t<\/div>\n\t\t<\/div>\n\t\t\t\t\t\t\t<\/div>\n\t\t<\/section>\n\t\t\t\t<section class=\"elementor-section elementor-top-section elementor-element elementor-element-d9cd02a elementor-section-boxed elementor-section-height-default elementor-section-height-default\" data-id=\"d9cd02a\" data-element_type=\"section\">\n\t\t\t\t\t\t<div class=\"elementor-container elementor-column-gap-default\">\n\t\t\t\t\t<div class=\"elementor-column elementor-col-100 elementor-top-column elementor-element elementor-element-c4035c3\" data-id=\"c4035c3\" data-element_type=\"column\">\n\t\t\t<div class=\"elementor-widget-wrap elementor-element-populated\">\n\t\t\t\t\t\t\t\t<div class=\"elementor-element elementor-element-23efc40 elementor-widget elementor-widget-text-editor\" data-id=\"23efc40\" data-element_type=\"widget\" data-widget_type=\"text-editor.default\">\n\t\t\t\t<div class=\"elementor-widget-container\">\n\t\t\t\t\t\t\t<p>Les Lionnes de l\u2019Atlas affronteront lors de leur deuxi\u00e8me match les Grues de l\u2019Ouganda mercredi prochain \u00e0 21h30 heure marocaine, toujours dans le cadre de la phase des groupes.<\/p>\t\t\t\t\t\t<\/div>\n\t\t\t\t<\/div>\n\t\t\t\t\t<\/div>\n\t\t<\/div>\n\t\t\t\t\t\t\t<\/div>\n\t\t<\/section>\n\t\t\t\t\t\t\t<\/div>\n\t\t","protected":false},"excerpt":{"rendered":"<p>L\u2019\u00e9quipe f\u00e9minine marocaine a obtenu samedi soir ses trois premiers points, lors du match d\u2019ouverture de la CAN2022 \u00e0 Rabat, l\u2019opposant au Burkina Faso. Les Lionnes de l\u2019Atlas se positionnent ainsi en t\u00eate du groupe A, en attendant l\u2019entr\u00e9e dans la comp\u00e9tition des Lionnes du S\u00e9n\u00e9gal et des Grues de l\u2019Ouganda ce dimanche.<\/p>\n","protected":false},"author":11,"featured_media":15339,"comment_status":"closed","ping_status":"closed","sticky":false,"template":"","format":"standard","meta":{"inline_featured_image":false},"categories":[14,97],"tags":[],"primary_categories":[],"_links":{"self":[{"href":"https:\/\/tajasport.com\/fr\/wp-json\/wp\/v2\/posts\/15348"}],"collection":[{"href":"https:\/\/tajasport.com\/fr\/wp-json\/wp\/v2\/posts"}],"about":[{"href":"https:\/\/tajasport.com\/fr\/wp-json\/wp\/v2\/types\/post"}],"author":[{"embeddable":true,"href":"https:\/\/tajasport.com\/fr\/wp-json\/wp\/v2\/users\/11"}],"replies":[{"embeddable":true,"href":"https:\/\/tajasport.com\/fr\/wp-json\/wp\/v2\/comments?post=15348"}],"version-history":[{"count":9,"href":"https:\/\/tajasport.com\/fr\/wp-json\/wp\/v2\/posts\/15348\/revisions"}],"predecessor-version":[{"id":15358,"href":"https:\/\/tajasport.com\/fr\/wp-json\/wp\/v2\/posts\/15348\/revisions\/15358"}],"wp:featuredmedia":[{"embeddable":true,"href":"https:\/\/tajasport.com\/fr\/wp-json\/wp\/v2\/media\/15339"}],"wp:attachment":[{"href":"https:\/\/tajasport.com\/fr\/wp-json\/wp\/v2\/media?parent=15348"}],"wp:term":[{"taxonomy":"category","embeddable":true,"href":"https:\/\/tajasport.com\/fr\/wp-json\/wp\/v2\/categories?post=15348"},{"taxonomy":"post_tag","embeddable":true,"href":"https:\/\/tajasport.com\/fr\/wp-json\/wp\/v2\/tags?post=15348"}],"curies":[{"name":"wp","href":"https:\/\/api.w.org\/{rel}","templated":true}]}}