{"id":16388,"date":"2022-09-04T16:53:15","date_gmt":"2022-09-04T14:53:15","guid":{"rendered":"https:\/\/tajasport.com\/sara-ismail-une-acquisition-de-haut-niveau-pour-le-football-feminin-egyptien\/"},"modified":"2022-09-09T17:13:30","modified_gmt":"2022-09-09T15:13:30","slug":"sara-ismail-une-acquisition-de-haut-niveau-pour-le-football-feminin-egyptien","status":"publish","type":"post","link":"https:\/\/tajasport.com\/fr\/sara-ismail-une-acquisition-de-haut-niveau-pour-le-football-feminin-egyptien\/","title":{"rendered":"Sara ISMAIL, une acquisition de haut niveau pour le football f\u00e9minin \u00e9gyptien"},"content":{"rendered":"<p>Avec Sara, la s\u00e9lection \u00e9gyptienne renforce son milieu de terrain, esp\u00e9rant ainsi former une \u00e9quipe \u00e0 m\u00eame de concourir pour des titres r\u00e9gionaux et continentaux.<\/p>\n<p>C\u2019est en Catalogne, c\u00e9l\u00e8bre pour son stade Camp Nou, o\u00f9 ont brill\u00e9 Alexia Botias et Lionel Messi, qu\u2019a grandi Sara Ismail.<\/p>\n<p>C\u2019est, en effet, de Barcelone, o\u00f9 les habitants respirent le football, que la joueuse, transf\u00e9r\u00e9e r\u00e9cemment des Blaugranas vers Saragosse, s\u2019\u00e9tait lanc\u00e9e. Or elle a pris des d\u00e9cisions cruciales cet \u00e9t\u00e9 pour sa carri\u00e8re sportive. La plus importante a \u00e9t\u00e9 de quitter la plus grande \u00e9quipe de Catalogne. Elle a, par ailleurs, d\u00e9cid\u00e9 de porter le maillot de l\u2019Egypte au lieu de celui de l\u2019Espagne, qu\u2019elle avait repr\u00e9sent\u00e9e dans l\u2019\u00e9quipe des U17 ans.<\/p>\n<h4><span style=\"color: #ff0000;\">Une carri\u00e8re professionnelle en Espagne<\/span><\/h4>\n<p>Sara avait commenc\u00e9 \u00e0 pratiquer le football avec l\u2019\u00e9quipe locale de Ripoll, \u00e0 l\u2019\u00e2ge de douze ans. C\u2019est un \u00e2ge tardif dans le monde du football et surtout pour ceux qui aspirent \u00e0 la professionnalisation.<\/p>\n<style>\/*! elementor - v3.6.6 - 08-06-2022 *\/<br \/>.elementor-widget-image{text-align:center}.elementor-widget-image a{display:inline-block}.elementor-widget-image a img[src$=\".svg\"]{width:48px}.elementor-widget-image img{vertical-align:middle;display:inline-block}<\/style>\n<p><img loading=\"lazy\" class=\"aligncenter\" src=\"https:\/\/tajasport.com\/wp-content\/uploads\/2022\/09\/IMG-20220824-WA0005.jpg\" sizes=\"(max-width: 640px) 100vw, 640px\" srcset=\"https:\/\/tajasport.com\/wp-content\/uploads\/2022\/09\/IMG-20220824-WA0005.jpg 1024w, https:\/\/tajasport.com\/wp-content\/uploads\/2022\/09\/IMG-20220824-WA0005-300x200.jpg 300w, https:\/\/tajasport.com\/wp-content\/uploads\/2022\/09\/IMG-20220824-WA0005-768x512.jpg 768w\" alt=\"\" width=\"640\" height=\"426\" title=\"\"><\/p>\n<p>\u00ab Personne ne croyait que j\u2019\u00e9tais d\u00e9butante, on me disait que c\u2019\u00e9tait s\u00fbr que je jouais avant mes douze ans vu mon niveau \u00bb, d\u00e9clare Sara \u00e0 Taja Sport.<\/p>\n<p>En 2016, Sara a quitt\u00e9 son premier club RCD Espganyol pour rejoindre l\u2019Acad\u00e9mie du FC Barcelone, qui a form\u00e9 les meilleures joueuses du football espagnol.<\/p>\n<p>A 17 ans, la direction du FC Barcelone a r\u00e9ussi \u00e0 la convaincre de signer son premier contrat professionnel avec le club catalan. Mais, apr\u00e8s plus de cinq ans et demi dans les rangs du FC Barcelone, Sara ISMAIL a rejoint l\u2019\u00e9quipe de Saragosse, une \u00e9quipe de 3\u00e8me division. En fait, elle cherchait des opportunit\u00e9s pour jouer plus et relever de nouveaux d\u00e9fis.<\/p>\n<h4><span style=\"color: #ff0000;\">L\u2019exp\u00e9rience \u00e9gyptienne<\/span><\/h4>\n<p>Au cours de ces ann\u00e9es, la footballeuse a accumul\u00e9 de l\u2019exp\u00e9rience, d\u2019autant plus qu\u2019elle c\u00f4toyait les meilleures joueuses du monde \u00e0 Barcelone.<\/p>\n<p><img loading=\"lazy\" class=\"aligncenter\" src=\"https:\/\/tajasport.com\/wp-content\/uploads\/2022\/09\/IMG-20220824-WA0007-1024x637.jpg\" sizes=\"(max-width: 640px) 100vw, 640px\" srcset=\"https:\/\/tajasport.com\/wp-content\/uploads\/2022\/09\/IMG-20220824-WA0007-1024x637.jpg 1024w, https:\/\/tajasport.com\/wp-content\/uploads\/2022\/09\/IMG-20220824-WA0007-300x187.jpg 300w, https:\/\/tajasport.com\/wp-content\/uploads\/2022\/09\/IMG-20220824-WA0007-768x478.jpg 768w, https:\/\/tajasport.com\/wp-content\/uploads\/2022\/09\/IMG-20220824-WA0007.jpg 1280w\" alt=\"\" width=\"640\" height=\"398\" title=\"\"><\/p>\n<p>Au cours de ces ann\u00e9es, la footballeuse a accumul\u00e9 de l\u2019exp\u00e9rience, d\u2019autant plus qu\u2019elle c\u00f4toyait les meilleures joueuses du monde \u00e0 Barcelone.<\/p>\n<p>Elle a confi\u00e9 \u00e0 TAJA Sport qu\u2019elle a \u00e9t\u00e9 ravie lorsque l\u2019\u00e9quipe nationale \u00e9gyptienne l\u2019a sollicit\u00e9e pour la premi\u00e8re fois cet \u00e9t\u00e9, et qu\u2019elle \u00e9tait pr\u00eate aujourd\u2019hui \u00e0 lui transmettre tout son savoir-faire ;<\/p>\n<blockquote class=\"twitter-tweet\" data-width=\"550\" data-dnt=\"true\">\n<p lang=\"ar\" dir=\"rtl\">\ud83d\udd34\ud83c\udfa5 \u0633\u0627\u0631\u0629 \u0625\u0633\u0645\u0627\u0639\u064a\u0644 \u0646\u062c\u0645\u0629 \u0628\u0631\u0634\u0644\u0648\u0646\u0629 \u0627\u0644\u0633\u0627\u0628\u0642\u0629 \u0627\u0644\u0645\u0646\u0636\u0645\u0629 \u062d\u062f\u064a\u062b\u0627 \u0644\u0645\u0646\u062a\u062e\u0628 \u0645\u0635\u0631 \u062a\u062a\u062d\u062f\u062b \u0644\u0623\u0648\u0644 \u0645\u0631\u0629 \u0639\u0646 \u062a\u062d\u0642\u064a\u0642 \u062d\u0644\u0645 \u0627\u0631\u062a\u062f\u0627\u0621 \u0642\u0645\u064a\u0635 \u0627\u0644\u0641\u0631\u0627\u0639\u0646\u0629 \ud83c\uddea\ud83c\uddec<a href=\"https:\/\/twitter.com\/hashtag\/%D8%B4%D8%AC%D8%B9_%D9%85%D8%B5%D8%B1?src=hash&amp;ref_src=twsrc%5Etfw\" target=\"_blank\" rel=\"noopener\">#\u0634\u062c\u0639_\u0645\u0635\u0631<\/a> <a href=\"https:\/\/t.co\/NeAPL4kARk\" target=\"_blank\">pic.twitter.com\/NeAPL4kARk<\/a><\/p>\n<p>&mdash; EFA.eg (@EFA) <a href=\"https:\/\/twitter.com\/EFA\/status\/1563492231930978305?ref_src=twsrc%5Etfw\" target=\"_blank\" rel=\"noopener\">August 27, 2022<\/a><\/p><\/blockquote>\n<p><script async src=\"https:\/\/platform.twitter.com\/widgets.js\" charset=\"utf-8\"><\/script><\/p>\n<p>Dans un autre contexte, Dina Elrefaey, membre de la F\u00e9d\u00e9ration \u00e9gyptienne de football, avait expliqu\u00e9 dans une d\u00e9claration \u00e0 la presse, que le fait que Sara repr\u00e9sente l\u2019\u00e9quipe f\u00e9minine \u00e9gyptienne traduit une politique visant \u00e0 soutenir l\u2019\u00e9quipe nationale par les jeunes talents du monde entier. La responsable du dossier du football f\u00e9minin a ensuite ajout\u00e9 :\u00ab La s\u00e9lection de Sara ISMAIL pour repr\u00e9senter les Pharaons confirme que l\u2019Egypte et la F\u00e9d\u00e9ration \u00e9gyptienne de football sont sur la bonne voie pour faire \u00e9voluer le niveau des \u00e9quipes nationales \u00bb.<\/p>\n<p>Sara ISMAIL a rejoint l\u2019\u00e9quipe d\u2019Egypte fin ao\u00fbt pour son premier stage d\u2019entrainement. L\u2019occasion pour elle de rappeler sa fiert\u00e9 de porter le maillot de l\u2019Egypte, le pays d\u2019origine de son p\u00e8re.<\/p>\n<p>Elle \u00e9tait tr\u00e8s heureuse de s\u2019entra\u00eener avec ses co\u00e9quipi\u00e8res et pr\u00eate \u00e0 participer \u00e0 tous les championnats avec l\u2019\u00e9quipe nationale \u00e9gyptienne, avait-elle d\u00e9clar\u00e9 \u00e0 TAJA Sport.<\/p>\n","protected":false},"excerpt":{"rendered":"<p>L\u2019\u00e9quipe nationale d\u2019Egypte de football f\u00e9minin continue \u00e0 renforcer ses rangs par des joueuses \u00e9gyptiennes professionnelles issues des grandes ligues europ\u00e9ennes. L\u2019ex-capitaine de l\u2019\u00e9quipe B du FC Barcelone, Sara ISMAIL, \u00e9tait la derni\u00e8re acquisition de l\u2019\u00e9quipe des Pharaons qui cherche \u00e0 se qualifier pour la prochaine Coupe d\u2019Afrique de football f\u00e9minin. <\/p>\n","protected":false},"author":11,"featured_media":16381,"comment_status":"closed","ping_status":"closed","sticky":false,"template":"","format":"standard","meta":{"inline_featured_image":false},"categories":[14,97],"tags":[],"primary_categories":[],"_links":{"self":[{"href":"https:\/\/tajasport.com\/fr\/wp-json\/wp\/v2\/posts\/16388"}],"collection":[{"href":"https:\/\/tajasport.com\/fr\/wp-json\/wp\/v2\/posts"}],"about":[{"href":"https:\/\/tajasport.com\/fr\/wp-json\/wp\/v2\/types\/post"}],"author":[{"embeddable":true,"href":"https:\/\/tajasport.com\/fr\/wp-json\/wp\/v2\/users\/11"}],"replies":[{"embeddable":true,"href":"https:\/\/tajasport.com\/fr\/wp-json\/wp\/v2\/comments?post=16388"}],"version-history":[{"count":2,"href":"https:\/\/tajasport.com\/fr\/wp-json\/wp\/v2\/posts\/16388\/revisions"}],"predecessor-version":[{"id":16392,"href":"https:\/\/tajasport.com\/fr\/wp-json\/wp\/v2\/posts\/16388\/revisions\/16392"}],"wp:featuredmedia":[{"embeddable":true,"href":"https:\/\/tajasport.com\/fr\/wp-json\/wp\/v2\/media\/16381"}],"wp:attachment":[{"href":"https:\/\/tajasport.com\/fr\/wp-json\/wp\/v2\/media?parent=16388"}],"wp:term":[{"taxonomy":"category","embeddable":true,"href":"https:\/\/tajasport.com\/fr\/wp-json\/wp\/v2\/categories?post=16388"},{"taxonomy":"post_tag","embeddable":true,"href":"https:\/\/tajasport.com\/fr\/wp-json\/wp\/v2\/tags?post=16388"}],"curies":[{"name":"wp","href":"https:\/\/api.w.org\/{rel}","templated":true}]}}