{"id":17705,"date":"2022-11-09T23:43:00","date_gmt":"2022-11-09T22:43:00","guid":{"rendered":"https:\/\/tajasport.com\/ligue-des-champions-feminine-de-la-caf-2022-las-far-en-finale\/"},"modified":"2022-11-14T21:46:13","modified_gmt":"2022-11-14T20:46:13","slug":"ligue-des-champions-feminine-de-la-caf-2022-las-far-en-finale","status":"publish","type":"post","link":"https:\/\/tajasport.com\/fr\/ligue-des-champions-feminine-de-la-caf-2022-las-far-en-finale\/","title":{"rendered":"Ligue des Champions f\u00e9minine de la CAF 2022 : l\u2019AS FAR en finale"},"content":{"rendered":"\t\t<div data-elementor-type=\"wp-post\" data-elementor-id=\"17705\" class=\"elementor elementor-17705 elementor-17659\">\n\t\t\t\t\t\t\t\t\t<section class=\"elementor-section elementor-top-section elementor-element elementor-element-6b61cd09 elementor-section-boxed elementor-section-height-default elementor-section-height-default\" data-id=\"6b61cd09\" data-element_type=\"section\">\n\t\t\t\t\t\t<div class=\"elementor-container elementor-column-gap-default\">\n\t\t\t\t\t<div class=\"elementor-column elementor-col-100 elementor-top-column elementor-element elementor-element-3ac44acf\" data-id=\"3ac44acf\" data-element_type=\"column\">\n\t\t\t<div class=\"elementor-widget-wrap elementor-element-populated\">\n\t\t\t\t\t\t\t\t<div class=\"elementor-element elementor-element-63126d27 elementor-widget elementor-widget-text-editor\" data-id=\"63126d27\" data-element_type=\"widget\" data-widget_type=\"text-editor.default\">\n\t\t\t\t<div class=\"elementor-widget-container\">\n\t\t\t\t\t\t\t<p><span style=\"color: #000000;\">L\u2019AS FAR s&#8217;est impos\u00e9 (1-0) face aux Nig\u00e9rianes du Bayelsa Queens, en demi-finale. Apr\u00e8s 27\u00a0minutes de jeu, Ibtissam Jaridi, attaquante des FAR et de la s\u00e9lection nationale f\u00e9minine marocaine, inscrit le but de la victoire. Un triomphe qui a fait le bonheur des supporters, venus nombreux, pour soutenir leur \u00e9quipe au stade Prince Moulay El Hassan de Rabat.<\/span><\/p><p><span style=\"color: #000000;\">Jaridi porte ainsi \u00e0 3 le nombre de ses buts en Ligue des champions africaine, apr\u00e8s en avoir inscrit 2\u00a0autres en phase de poules.<\/span><\/p><p><span style=\"color: #000000;\">En finale, les Marocaines devront affronter les dames du Mamelodi Sundowns, tenantes du titre de championnes d\u2019Afrique de la premi\u00e8re \u00e9dition. Les Sud-Africaines ont battu les Simba Queens\u00a01-0, lors de la 2e\u00a0demi-finale, remportant leur seconde qualification cons\u00e9cutive, en finale.<\/span><\/p><p><span style=\"color: #000000;\">Pour rappel, l\u2019AS FAR s\u2019est content\u00e9 de la 3<sup>e<\/sup> place du championnat de l\u2019ann\u00e9e derni\u00e8re, apr\u00e8s avoir \u00e9chou\u00e9 \u00e0 assurer sa place en demi-finale, en \u00c9gypte. Alors que le royaume ch\u00e9rifien accueille sur ses terres cette seconde \u00e9dition de la Ligue des Champions f\u00e9minine de la CAF, les Marocaines, port\u00e9es par leur public, parviennent \u00e0 se hisser en finale dans la plus prestigieuse comp\u00e9tition africaine de football f\u00e9minin.<\/span><\/p><p><span style=\"color: #000000;\">L\u2019AS FAR se verra remettre la somme de 400\u2009000\u00a0dollars en cas de victoire contre les Mamelodi Sundowns et celle de 250\u2009000\u00a0dollars, en cas de d\u00e9faite.<\/span><\/p><p><span style=\"color: #000000;\">La finale de la Ligue des Champions f\u00e9minine de la CAF se tiendra le 13\u00a0novembre 2022 au stade du Complexe Prince Moulay Abdallah, \u00e0 Rabat.<\/span><\/p><p>\u00a0<\/p><p>\u00a0<\/p><p>\u00a0<\/p>\t\t\t\t\t\t<\/div>\n\t\t\t\t<\/div>\n\t\t\t\t\t<\/div>\n\t\t<\/div>\n\t\t\t\t\t\t\t<\/div>\n\t\t<\/section>\n\t\t\t\t\t\t\t<\/div>\n\t\t","protected":false},"excerpt":{"rendered":"<p>Pour la premi\u00e8re fois de son histoire, l\u2019Association Sportive des Forces Arm\u00e9es Royales (AS FAR) se qualifie pour la finale de la Ligue des Champions f\u00e9minine de la CAF 2022. Le club leader du championnat de football f\u00e9minin marocain devient donc la premi\u00e8re \u00e9quipe marocaine et nord-africaine \u00e0 disputer une finale de la comp\u00e9tition continentale, dont la premi\u00e8re \u00e9dition a \u00e9t\u00e9 lanc\u00e9e en 2021. <\/p>\n","protected":false},"author":11,"featured_media":17669,"comment_status":"closed","ping_status":"closed","sticky":false,"template":"","format":"standard","meta":{"inline_featured_image":false},"categories":[97,14],"tags":[],"primary_categories":[],"_links":{"self":[{"href":"https:\/\/tajasport.com\/fr\/wp-json\/wp\/v2\/posts\/17705"}],"collection":[{"href":"https:\/\/tajasport.com\/fr\/wp-json\/wp\/v2\/posts"}],"about":[{"href":"https:\/\/tajasport.com\/fr\/wp-json\/wp\/v2\/types\/post"}],"author":[{"embeddable":true,"href":"https:\/\/tajasport.com\/fr\/wp-json\/wp\/v2\/users\/11"}],"replies":[{"embeddable":true,"href":"https:\/\/tajasport.com\/fr\/wp-json\/wp\/v2\/comments?post=17705"}],"version-history":[{"count":15,"href":"https:\/\/tajasport.com\/fr\/wp-json\/wp\/v2\/posts\/17705\/revisions"}],"predecessor-version":[{"id":17818,"href":"https:\/\/tajasport.com\/fr\/wp-json\/wp\/v2\/posts\/17705\/revisions\/17818"}],"wp:featuredmedia":[{"embeddable":true,"href":"https:\/\/tajasport.com\/fr\/wp-json\/wp\/v2\/media\/17669"}],"wp:attachment":[{"href":"https:\/\/tajasport.com\/fr\/wp-json\/wp\/v2\/media?parent=17705"}],"wp:term":[{"taxonomy":"category","embeddable":true,"href":"https:\/\/tajasport.com\/fr\/wp-json\/wp\/v2\/categories?post=17705"},{"taxonomy":"post_tag","embeddable":true,"href":"https:\/\/tajasport.com\/fr\/wp-json\/wp\/v2\/tags?post=17705"}],"curies":[{"name":"wp","href":"https:\/\/api.w.org\/{rel}","templated":true}]}}