{"id":17774,"date":"2022-11-13T20:25:25","date_gmt":"2022-11-13T19:25:25","guid":{"rendered":"https:\/\/tajasport.com\/les-afghanes-pourraient-elles-esperer-pratiquer-le-cyclisme-dans-leur-pays\/"},"modified":"2022-11-13T20:27:57","modified_gmt":"2022-11-13T19:27:57","slug":"les-afghanes-pourraient-elles-esperer-pratiquer-le-cyclisme-dans-leur-pays","status":"publish","type":"post","link":"https:\/\/tajasport.com\/fr\/les-afghanes-pourraient-elles-esperer-pratiquer-le-cyclisme-dans-leur-pays\/","title":{"rendered":"Les Afghanes pourraient-elles esp\u00e9rer pratiquer le cyclisme dans leur pays ?"},"content":{"rendered":"\t\t<div data-elementor-type=\"wp-post\" data-elementor-id=\"17774\" class=\"elementor elementor-17774 elementor-17754\">\n\t\t\t\t\t\t\t\t\t<section class=\"elementor-section elementor-top-section elementor-element elementor-element-cb85129 elementor-section-boxed elementor-section-height-default elementor-section-height-default\" data-id=\"cb85129\" data-element_type=\"section\">\n\t\t\t\t\t\t<div class=\"elementor-container elementor-column-gap-default\">\n\t\t\t\t\t<div class=\"elementor-column elementor-col-100 elementor-top-column elementor-element elementor-element-2c28b1c0\" data-id=\"2c28b1c0\" data-element_type=\"column\">\n\t\t\t<div class=\"elementor-widget-wrap elementor-element-populated\">\n\t\t\t\t\t\t\t\t<div class=\"elementor-element elementor-element-63265a04 elementor-widget elementor-widget-text-editor\" data-id=\"63265a04\" data-element_type=\"widget\" data-widget_type=\"text-editor.default\">\n\t\t\t\t<div class=\"elementor-widget-container\">\n\t\t\t\t\t\t\t<p><span style=\"color: #000000;\">Pour la premi\u00e8re fois en cinq ans, Masomah Ali Zada a particip\u00e9 aux Championnats d&#8217;Afghanistan de cyclisme f\u00e9minin. Non pas \u00e0 Kaboul, o\u00f9 &#8220;le sport est mort pour les femmes&#8221;, mais en Suisse o\u00f9 convergent des Afghanes du monde entier pour &#8220;sonner l&#8217;alarme&#8221;.<\/span><\/p><p><span style=\"color: #000000;\">Lorsque Masomah Ali Zada est rentr\u00e9e des Jeux Olympiques \u00e0 l&#8217;\u00e9t\u00e9 2021, elle aurait aim\u00e9 profiter des souvenirs inoubliables forg\u00e9s \u00e0 Tokyo. Elle y \u00e9tait devenue la premi\u00e8re cycliste afghane \u00e0 participer \u00e0 des JO au sein de l&#8217;\u00e9quipe des r\u00e9fugi\u00e9s cr\u00e9\u00e9e par le Comit\u00e9 international olympique (CIO).<\/span><\/p><p><span style=\"color: #000000;\">Mais &#8220;les talibans m&#8217;ont g\u00e2ch\u00e9 ce que j&#8217;ai v\u00e9cu \u00e0 Tokyo&#8221;, dit, dans un entretien \u00e0 l&#8217;AFP, la jeune fille de 26 ans, install\u00e9e depuis cinq ans en France o\u00f9 elle a obtenu l&#8217;asile.<\/span><\/p><p><span style=\"color: #000000;\">Plut\u00f4t que de savourer son aventure olympique, elle a pass\u00e9 le reste de l&#8217;\u00e9t\u00e9 2021 \u00e0 suivre minute par minute, le coeur serr\u00e9, la chute de Kaboul et le retour au pouvoir des talibans.<\/span><\/p><p><span style=\"color: #000000;\">Comme des millions d&#8217;autres Afghans, sa famille, qui appartient \u00e0 la minorit\u00e9 chiite des Hazaras pers\u00e9cut\u00e9e par les talibans, s&#8217;\u00e9tait exil\u00e9e en Iran lorsqu&#8217;elle \u00e9tait enfant. C&#8217;est l\u00e0 qu&#8217;elle a commenc\u00e9 \u00e0 faire du v\u00e9lo, avant de rejoindre, \u00e0 l&#8217;\u00e2ge de 16 ans, l&#8217;\u00e9quipe nationale afghane au retour de la famille \u00e0 Kaboul.<\/span><\/p><h4><span style=\"color: #ff0000;\"><strong>&#8211; &#8220;La situation empire chaque jour&#8221; &#8211;<\/strong><\/span><\/h4><p><span style=\"color: #000000;\">Apr\u00e8s des ann\u00e9es \u00e0 se faire insulter et jeter des pierres sur son v\u00e9lo, elle a fini par demander l&#8217;asile en France. La pression pour qu&#8217;elle abandonne le cyclisme \u00e9tait devenue trop forte, au fur et \u00e0 mesure qu&#8217;elle multipliait les victoires.<\/span><\/p><p><span style=\"color: #000000;\">Depuis la situation n&#8217;a fait qu&#8217;empirer en Afghanistan. &#8220;Tous les jours, les femmes perdent un nouveau droit. Et celles qui manifestent finissent mortes, en prison ou sont oblig\u00e9es de sortir du pays.&#8221;, dit-elle de sa voix douce, dans un excellent fran\u00e7ais.<\/span><\/p><p><span style=\"color: #000000;\">Depuis leur retour, les talibans ont impos\u00e9 \u00e0 la soci\u00e9t\u00e9 civile une s\u00e9rie de restrictions dont une grande partie vise \u00e0 soumettre les femmes \u00e0 leur conception int\u00e9griste de l&#8217;islam.<\/span><\/p><p><span style=\"color: #000000;\">Ils ont notamment interdit aux filles d&#8217;aller au coll\u00e8ge et au lyc\u00e9e.\u00a0Les \u00e9tudiantes sont toujours admises \u00e0 l&#8217;universit\u00e9. Mais, faute d&#8217;\u00eatre all\u00e9es au coll\u00e8ge et au lyc\u00e9e, les filles afghanes ne seront \u00e0 l&#8217;avenir rapidement plus en mesure d&#8217;acc\u00e9der \u00e0 l&#8217;enseignement sup\u00e9rieur.<\/span><\/p><p><span style=\"color: #000000;\">&#8220;Le grand r\u00eave des filles aujourd&#8217;hui est d\u00e9j\u00e0 d&#8217;aller \u00e0 l&#8217;\u00e9cole. Juste aller \u00e0 l&#8217;\u00e9cole. Alors le sport&#8230; il est totalement mort en Afghanistan pour les femmes&#8221;, soupire Masomah qui, elle-m\u00eame, \u00e9tudie \u00e0 l&#8217;\u00c9cole polytechnique universitaire de Lille.<\/span><\/p><p><span style=\"color: #000000;\">&#8220;Qu&#8217;une femme fasse du sport aujourd&#8217;hui en Afghanistan est juste impensable. Et la situation empire chaque jour&#8221;, confirme Benafsha Faizi, journaliste et ancienne porte-parole du comit\u00e9 olympique afghan qui a \u00e9t\u00e9 \u00e9vacu\u00e9e du pays avec l&#8217;aide de l&#8217;Union cycliste internationale (UCI) en 2021.<\/span><\/p><h4><span style=\"color: #ff0000;\"><strong>&#8211; &#8220;Le monde est devenu silencieux&#8221; &#8211;<\/strong><\/span><\/h4><p><span style=\"color: #000000;\">Face \u00e0 cette situation, Masomah, qui a rejoint cet \u00e9t\u00e9 la commission des athl\u00e8tes du CIO, estime que &#8220;le monde est devenu silencieux&#8221;.<\/span><\/p><p><span style=\"color: #000000;\">&#8220;On a abandonn\u00e9 les femmes en Afghanistan. Tous les gens qui disent d\u00e9fendre les droits de l&#8217;homme, tous les f\u00e9ministes qui disent d\u00e9fendre le droit des femmes, ils n&#8217;ont rien fait&#8221;, d\u00e9nonce-t-elle.<\/span><\/p><p><span style=\"color: #000000;\">Elle esp\u00e8re que la course de dimanche, et l&#8217;int\u00e9r\u00eat m\u00e9diatique qu&#8217;elle peut susciter, permettra de &#8220;sonner l&#8217;alarme&#8221; pour &#8220;r\u00e9veiller le monde&#8221;.<\/span><\/p><p><span style=\"color: #000000;\">Au total, 49 cyclistes afghanes vivant en Suisse, en Italie, en France, en Allemagne, au Canada et \u00e0 Singapour vont se mesurer sur un parcours de 57 km autour d&#8217;Aigle, cette ville du canton de Vaud o\u00f9 l&#8217;UCI, \u00e0 l&#8217;initiative de ces Championnats, a son si\u00e8ge.<\/span><\/p><p><span style=\"color: #000000;\">Masomah Ali Zada se dit &#8220;un peu triste&#8221; en pensant aux femmes &#8220;abandonn\u00e9es en Afghanistan&#8221;. Mais elle est &#8220;trop heureuse&#8221; de retrouver &#8220;les co\u00e9quipi\u00e8res avec qui je roulais en Afghanistan. Ca fait cinq ans que je ne les ai pas vues&#8221;.<\/span><\/p><p><span style=\"color: #000000;\">Jonglant avec ses \u00e9tudes et le v\u00e9lo, elle s&#8217;est pr\u00e9par\u00e9e pour l&#8217;\u00e9v\u00e9nement mais dit ne pas savoir &#8220;qui va gagner la course&#8221;. &#8220;Tout ce que je sais, c&#8217;est que personne ne va la perdre&#8221;, glisse-t-elle.<\/span><\/p>\t\t\t\t\t\t<\/div>\n\t\t\t\t<\/div>\n\t\t\t\t\t<\/div>\n\t\t<\/div>\n\t\t\t\t\t\t\t<\/div>\n\t\t<\/section>\n\t\t\t\t\t\t\t<\/div>\n\t\t","protected":false},"excerpt":{"rendered":"<p>Nombreuses sont les femmes afghanes qui r\u00eavent de faire du v\u00e9lo dans leur pays, sans contraintes. Une aspiration qui semble, pour le moment, inaccessible au vu des r\u00e8glementations dict\u00e9es par l\u2019Afghanistan. Le pays de l\u2019Asie du Sud-Ouest s\u2019av\u00e8re strict en la mati\u00e8re : il rend impossible une telle pratique pour les femmes qui voient leurs ambitions sportives limit\u00e9es. Celles-ci sont ainsi priv\u00e9es de toute participation aux Jeux olympiques et aux comp\u00e9titions internationales. Elles ne peuvent donc repr\u00e9senter leur pays comme le font d\u2019autres athl\u00e8tes \u00e0 l\u2019international. <\/p>\n","protected":false},"author":22,"featured_media":0,"comment_status":"closed","ping_status":"closed","sticky":false,"template":"","format":"standard","meta":{"inline_featured_image":false},"categories":[14,97],"tags":[],"primary_categories":[],"_links":{"self":[{"href":"https:\/\/tajasport.com\/fr\/wp-json\/wp\/v2\/posts\/17774"}],"collection":[{"href":"https:\/\/tajasport.com\/fr\/wp-json\/wp\/v2\/posts"}],"about":[{"href":"https:\/\/tajasport.com\/fr\/wp-json\/wp\/v2\/types\/post"}],"author":[{"embeddable":true,"href":"https:\/\/tajasport.com\/fr\/wp-json\/wp\/v2\/users\/22"}],"replies":[{"embeddable":true,"href":"https:\/\/tajasport.com\/fr\/wp-json\/wp\/v2\/comments?post=17774"}],"version-history":[{"count":5,"href":"https:\/\/tajasport.com\/fr\/wp-json\/wp\/v2\/posts\/17774\/revisions"}],"predecessor-version":[{"id":17779,"href":"https:\/\/tajasport.com\/fr\/wp-json\/wp\/v2\/posts\/17774\/revisions\/17779"}],"wp:attachment":[{"href":"https:\/\/tajasport.com\/fr\/wp-json\/wp\/v2\/media?parent=17774"}],"wp:term":[{"taxonomy":"category","embeddable":true,"href":"https:\/\/tajasport.com\/fr\/wp-json\/wp\/v2\/categories?post=17774"},{"taxonomy":"post_tag","embeddable":true,"href":"https:\/\/tajasport.com\/fr\/wp-json\/wp\/v2\/tags?post=17774"}],"curies":[{"name":"wp","href":"https:\/\/api.w.org\/{rel}","templated":true}]}}