{"id":17958,"date":"2022-11-20T13:19:53","date_gmt":"2022-11-20T12:19:53","guid":{"rendered":"https:\/\/tajasport.com\/mondial-2022-le-pari-gagne-de-la-journaliste-libanaise-abi-faraj\/"},"modified":"2022-11-20T18:50:00","modified_gmt":"2022-11-20T17:50:00","slug":"mondial-2022-le-pari-gagne-de-la-journaliste-libanaise-abi-faraj","status":"publish","type":"post","link":"https:\/\/tajasport.com\/fr\/mondial-2022-le-pari-gagne-de-la-journaliste-libanaise-abi-faraj\/","title":{"rendered":"Mondial 2022 : le pari gagn\u00e9 de la journaliste libanaise Abi Faraj"},"content":{"rendered":"\t\t<div data-elementor-type=\"wp-post\" data-elementor-id=\"17958\" class=\"elementor elementor-17958 elementor-17944\">\n\t\t\t\t\t\t\t\t\t<section class=\"elementor-section elementor-top-section elementor-element elementor-element-47a38252 elementor-section-boxed elementor-section-height-default elementor-section-height-default\" data-id=\"47a38252\" data-element_type=\"section\">\n\t\t\t\t\t\t<div class=\"elementor-container elementor-column-gap-default\">\n\t\t\t\t\t<div class=\"elementor-column elementor-col-100 elementor-top-column elementor-element elementor-element-2268203e\" data-id=\"2268203e\" data-element_type=\"column\">\n\t\t\t<div class=\"elementor-widget-wrap elementor-element-populated\">\n\t\t\t\t\t\t\t\t<div class=\"elementor-element elementor-element-10187563 elementor-widget elementor-widget-text-editor\" data-id=\"10187563\" data-element_type=\"widget\" data-widget_type=\"text-editor.default\">\n\t\t\t\t<div class=\"elementor-widget-container\">\n\t\t\t\t\t\t\t<p><span style=\"color: #000000;\">Au Liban, Faten Abi Faraj est \u00e9galement la papesse du service m\u00e9dia au sein de la F\u00e9d\u00e9ration libanaise de football. La couverture du mondial 2022 au Qatar, La couverture du mondial 2022, via l\u2019\u00e9mission \u201cSada Al Malaaeb\u201d (l\u2019\u00e9cho des stades), est une cons\u00e9cration dans la carri\u00e8re de cette brillante journaliste. C\u2019est, il faut le dire, un \u00e9v\u00e9nement historique tr\u00e8s convoit\u00e9 dans la sph\u00e8re du journalisme sportif.<\/span><\/p><h4><span style=\"color: #ff0000;\">De la politique aux sports f\u00e9minins<\/span><\/h4><p><span style=\"color: #000000;\">Apr\u00e8s avoir obtenu son dipl\u00f4me de la Facult\u00e9 de journalisme, Faten a fait ses d\u00e9buts dans la profession, en traitant de l\u2019actualit\u00e9 politique. Mais cela n\u2019a pas dur\u00e9 longtemps. Rapidement, elle int\u00e8gre un nouveau quotidien sp\u00e9cialis\u00e9 dans le sport. \u00ab\u2009Le sport ne m\u2019int\u00e9ressait pas, mais quand j\u2019ai pris ce virage, j\u2019ai d\u00e9couvert un format qui m\u2019a fait changer d\u2019avis et de vocation\u2009\u00bb, explique Faten Abi Faraj.<\/span><\/p><p><span style=\"color: #000000;\">Tout a commenc\u00e9 lorsque la r\u00e9daction confie \u00e0 la journaliste les dossiers d\u2019actualit\u00e9 sur le football f\u00e9minin. De l\u00e0, est n\u00e9e sa passion pour les sports f\u00e9minins. \u00ab\u2009J\u2019ai r\u00e9alis\u00e9 que les femmes \u00e9taient injustement mises de c\u00f4t\u00e9 dans l\u2019espace m\u00e9diatique, malgr\u00e9 les grands tournois auxquels elles participent. Cela a suscit\u00e9 mon int\u00e9r\u00eat pour le journalisme sportif et, petit \u00e0 petit, j\u2019ai r\u00e9ussi \u00e0 acqu\u00e9rir de l\u2019exp\u00e9rience dans le domaine\u2009\u00bb, raconte la porte-parole de la F\u00e9d\u00e9ration libanaise de football. Et de conclure\u00a0: \u00ab\u2009J\u2019avais le sentiment que leurs efforts et exploits \u00e9taient ignor\u00e9s.\u2009\u00bb<\/span><\/p><p><span style=\"color: #000000;\">Ainsi, Faten a pris son envol vers une nouvelle r\u00e9daction, o\u00f9 le sport f\u00e9minin demeure son domaine de pr\u00e9dilection. Plus tard, la F\u00e9d\u00e9ration libanaise de football lui confiera le poste de responsable m\u00e9dia en charge de la section f\u00e9minine de football. Elle sera ensuite promue porte-parole dans le m\u00eame organisme.<\/span><\/p><p><span style=\"color: #000000;\">En ce sens, elle d\u00e9clare\u00a0: \u00ab\u2009Contrairement \u00e0 tous les autres d\u00e9partements de la F\u00e9d\u00e9ration, le n\u00f4tre ne connait pas de r\u00e9pit. Nous travaillons toute la semaine, afin de suivre l\u2019actualit\u00e9 et les activit\u00e9s de nos \u00e9quipes nationales, aussi bien masculines que f\u00e9minines. Cela est vrai pour toutes les cat\u00e9gories d\u2019\u00e2ge. Tous les \u00e9v\u00e9nements footballistiques sont indiqu\u00e9s sur les plateformes d\u2019information de la F\u00e9d\u00e9ration.\u2009\u00bb<\/span><\/p>\t\t\t\t\t\t<\/div>\n\t\t\t\t<\/div>\n\t\t\t\t\t<\/div>\n\t\t<\/div>\n\t\t\t\t\t\t\t<\/div>\n\t\t<\/section>\n\t\t\t\t<section class=\"elementor-section elementor-top-section elementor-element elementor-element-122f1b7 elementor-section-boxed elementor-section-height-default elementor-section-height-default\" data-id=\"122f1b7\" data-element_type=\"section\">\n\t\t\t\t\t\t<div class=\"elementor-container elementor-column-gap-default\">\n\t\t\t\t\t<div class=\"elementor-column elementor-col-100 elementor-top-column elementor-element elementor-element-f2d2ee3\" data-id=\"f2d2ee3\" data-element_type=\"column\">\n\t\t\t<div class=\"elementor-widget-wrap elementor-element-populated\">\n\t\t\t\t\t\t\t\t<div class=\"elementor-element elementor-element-77801dc elementor-widget elementor-widget-image\" data-id=\"77801dc\" data-element_type=\"widget\" data-widget_type=\"image.default\">\n\t\t\t\t<div class=\"elementor-widget-container\">\n\t\t\t\t\t\t\t\t\t\t\t\t\t\t\t<img width=\"640\" height=\"498\" src=\"https:\/\/tajasport.com\/wp-content\/uploads\/2022\/11\/IMG_20221120_130926-1024x796.jpg\" class=\"attachment-large size-large wp-image-17949\" alt=\"\" loading=\"lazy\" srcset=\"https:\/\/tajasport.com\/wp-content\/uploads\/2022\/11\/IMG_20221120_130926-1024x796.jpg 1024w, https:\/\/tajasport.com\/wp-content\/uploads\/2022\/11\/IMG_20221120_130926-300x233.jpg 300w, https:\/\/tajasport.com\/wp-content\/uploads\/2022\/11\/IMG_20221120_130926-768x597.jpg 768w, https:\/\/tajasport.com\/wp-content\/uploads\/2022\/11\/IMG_20221120_130926.jpg 1080w\" sizes=\"(max-width: 640px) 100vw, 640px\" title=\"\">\t\t\t\t\t\t\t\t\t\t\t\t\t\t\t<\/div>\n\t\t\t\t<\/div>\n\t\t\t\t\t<\/div>\n\t\t<\/div>\n\t\t\t\t\t\t\t<\/div>\n\t\t<\/section>\n\t\t\t\t<section class=\"elementor-section elementor-top-section elementor-element elementor-element-c587d96 elementor-section-boxed elementor-section-height-default elementor-section-height-default\" data-id=\"c587d96\" data-element_type=\"section\">\n\t\t\t\t\t\t<div class=\"elementor-container elementor-column-gap-default\">\n\t\t\t\t\t<div class=\"elementor-column elementor-col-100 elementor-top-column elementor-element elementor-element-ed396e7\" data-id=\"ed396e7\" data-element_type=\"column\">\n\t\t\t<div class=\"elementor-widget-wrap elementor-element-populated\">\n\t\t\t\t\t\t\t\t<div class=\"elementor-element elementor-element-4c65168 elementor-widget elementor-widget-text-editor\" data-id=\"4c65168\" data-element_type=\"widget\" data-widget_type=\"text-editor.default\">\n\t\t\t\t<div class=\"elementor-widget-container\">\n\t\t\t\t\t\t\t<h4><span style=\"color: #ff0000;\">La Coupe du Monde, un r\u00eave\u2009!<\/span><\/h4><p><span style=\"color: #000000;\">\u00c0 quelques heures de la c\u00e9r\u00e9monie d\u2019ouverture de l\u2019\u00e9dition\u00a02022 de la Coupe du Monde, tous les yeux sont tourn\u00e9s vers le Qatar. En effet, c\u2019est le premier pays de la r\u00e9gion MENA, \u00e0 accueillir la plus prestigieuse des comp\u00e9titions sportives. \u00ab\u2009Je suis heureuse de faire partie des journalistes pr\u00e9sentes \u00e0 Doha pour l\u2019occasion. C\u2019est la premi\u00e8re fois que je couvre une actualit\u00e9 de cette ampleur. J\u2019avais d\u00e9j\u00e0 visit\u00e9 les stades et les installations lors de la Coupe arabe\u00a02021, et j\u2019ai \u00e9t\u00e9 impressionn\u00e9e par ce que j\u2019ai vu\u2009\u00bb, se r\u00e9jouit Faten Abi Faraj.<\/span><\/p><p><span style=\"color: #000000;\">Par ailleurs, la journaliste estime que le mondial du Qatar n\u2019est pas seulement une comp\u00e9tition de football. Selon elle, c\u2019est aussi l\u2019occasion pour les peuples de diverses origines et civilisations, de se rencontrer et de s\u2019unir. \u00ab\u2009Le Qatar est est bien plac\u00e9 pour donner une id\u00e9e de ce que repr\u00e9sentent les pays d\u2019Afrique du Nord et du Moyen-Orient. C\u2019est une opportunit\u00e9 unique de faire d\u00e9couvrir au monde entier les cultures, les coutumes et les valeurs de notre r\u00e9gion\u2009\u00bb, souligne la porte-parole de la F\u00e9d\u00e9ration de football d\u2019Asie de l\u2019Ouest.<\/span><\/p><p><span style=\"color: #000000;\">De la politique aux sports f\u00e9minins. Tel est le parcours inspirant de la journaliste Faten Abi Faraj, qui, aujourd\u2019hui, entend nous entra\u00eener dans les coulisses de la manifestation sportive la plus suivie au monde. Une mission qu\u2019elle choisit de mener avec brio, comme cela a \u00e9t\u00e9 le cas, tout au long de son parcours professionnel. Apr\u00e8s tout, le succ\u00e8s appartient \u00e0 celles et ceux qui ne renoncent jamais.<\/span><\/p><p>\u00a0<\/p>\t\t\t\t\t\t<\/div>\n\t\t\t\t<\/div>\n\t\t\t\t\t<\/div>\n\t\t<\/div>\n\t\t\t\t\t\t\t<\/div>\n\t\t<\/section>\n\t\t\t\t\t\t\t<\/div>\n\t\t","protected":false},"excerpt":{"rendered":"<p>La Coupe du monde de football au Qatar approche \u00e0 grands pas. Plusieurs journalistes f\u00e9minines d\u2019Afrique du Nord et du Moyen-Orient sont sur place, pour couvrir l\u2019actualit\u00e9 de cet \u00e9v\u00e9nement sportif majeur. Depuis les stades de Lusail, Al Bayt et bien d\u2019autres, Faten Abi Faraj fait partie de ces correspondantes arabes, avec qui le public vivra en direct, les rencontres du mondial.<\/p>\n","protected":false},"author":25,"featured_media":17947,"comment_status":"closed","ping_status":"closed","sticky":false,"template":"","format":"standard","meta":{"inline_featured_image":false},"categories":[15,97],"tags":[],"primary_categories":[],"_links":{"self":[{"href":"https:\/\/tajasport.com\/fr\/wp-json\/wp\/v2\/posts\/17958"}],"collection":[{"href":"https:\/\/tajasport.com\/fr\/wp-json\/wp\/v2\/posts"}],"about":[{"href":"https:\/\/tajasport.com\/fr\/wp-json\/wp\/v2\/types\/post"}],"author":[{"embeddable":true,"href":"https:\/\/tajasport.com\/fr\/wp-json\/wp\/v2\/users\/25"}],"replies":[{"embeddable":true,"href":"https:\/\/tajasport.com\/fr\/wp-json\/wp\/v2\/comments?post=17958"}],"version-history":[{"count":9,"href":"https:\/\/tajasport.com\/fr\/wp-json\/wp\/v2\/posts\/17958\/revisions"}],"predecessor-version":[{"id":17972,"href":"https:\/\/tajasport.com\/fr\/wp-json\/wp\/v2\/posts\/17958\/revisions\/17972"}],"wp:featuredmedia":[{"embeddable":true,"href":"https:\/\/tajasport.com\/fr\/wp-json\/wp\/v2\/media\/17947"}],"wp:attachment":[{"href":"https:\/\/tajasport.com\/fr\/wp-json\/wp\/v2\/media?parent=17958"}],"wp:term":[{"taxonomy":"category","embeddable":true,"href":"https:\/\/tajasport.com\/fr\/wp-json\/wp\/v2\/categories?post=17958"},{"taxonomy":"post_tag","embeddable":true,"href":"https:\/\/tajasport.com\/fr\/wp-json\/wp\/v2\/tags?post=17958"}],"curies":[{"name":"wp","href":"https:\/\/api.w.org\/{rel}","templated":true}]}}