{"id":18797,"date":"2022-12-21T15:44:17","date_gmt":"2022-12-21T14:44:17","guid":{"rendered":"https:\/\/tajasport.com\/kickboxing-malak-malaaeb-le-modele-libanais-qui-inspire\/"},"modified":"2022-12-21T15:54:11","modified_gmt":"2022-12-21T14:54:11","slug":"malak-malaeb-la-star-libanaise-de-kick-boxing","status":"publish","type":"post","link":"https:\/\/tajasport.com\/fr\/malak-malaeb-la-star-libanaise-de-kick-boxing\/","title":{"rendered":"Malak Malaeb, la star libanaise de kick-boxing"},"content":{"rendered":"\t\t<div data-elementor-type=\"wp-post\" data-elementor-id=\"18797\" class=\"elementor elementor-18797 elementor-18784\">\n\t\t\t\t\t\t\t\t\t<section class=\"elementor-section elementor-top-section elementor-element elementor-element-2274d9e5 elementor-section-boxed elementor-section-height-default elementor-section-height-default\" data-id=\"2274d9e5\" data-element_type=\"section\">\n\t\t\t\t\t\t<div class=\"elementor-container elementor-column-gap-default\">\n\t\t\t\t\t<div class=\"elementor-column elementor-col-100 elementor-top-column elementor-element elementor-element-72ca4d22\" data-id=\"72ca4d22\" data-element_type=\"column\">\n\t\t\t<div class=\"elementor-widget-wrap elementor-element-populated\">\n\t\t\t\t\t\t\t\t<div class=\"elementor-element elementor-element-52640f4 elementor-widget elementor-widget-text-editor\" data-id=\"52640f4\" data-element_type=\"widget\" data-widget_type=\"text-editor.default\">\n\t\t\t\t<div class=\"elementor-widget-container\">\n\t\t\t\t\t\t\t<p><span style=\"color: #000000;\"><strong>\u00ab\u2009Maintenant, je suis en mesure d\u2019affronter des adversaires masculins et f\u00e9minins plus \u00e2g\u00e9s. De plus, l\u2019art du combat me permet d\u2019assurer ma propre d\u00e9fense\u2009\u00bb, affirme la championne \u00e2g\u00e9e de 11\u00a0ans. <\/strong><\/span><\/p><p><span style=\"color: #000000;\"><strong>Originaire de la ville de Baissour, dans le district d\u2019Aley (gouvernorat du Mont-Liban), Malak a \u00e9t\u00e9 sacr\u00e9e championne du monde de kickboxing, au Pays de Galles, le 29\u00a0octobre dernier. Apr\u00e8s une s\u00e9rie de victoires au Liban, la petite championne a d\u00e9croch\u00e9 la m\u00e9daille d\u2019or du Championnat national et par la m\u00eame occasion, sa premi\u00e8re qualification au Mondial f\u00e9minin\u00a0U18 de kickboxing. Pour rappel, seules les championnes nationales et anciennes championnes du monde peuvent participer \u00e0 cette comp\u00e9tition.<\/strong><\/span><\/p><p><span style=\"color: #000000;\"><strong>Au Pays de Galles, Malak \u00e9tait accompagn\u00e9e de son p\u00e8re, Ramzi Malaeb, qui est \u00e9galement son entra\u00eeneur et ancien champion du monde de kickboxing. La Libanaise a \u00e9t\u00e9 d\u00e9sign\u00e9e au tirage au sort pour affronter les championnes d\u2019Allemagne et d\u2019Angleterre. Avec des performances remarquables, elle bat ses deux adversaires et se hisse ainsi \u00e0 la premi\u00e8re place du Championnat du Monde, dans la cat\u00e9gorie des 8-12\u00a0ans (-35\u00a0kg).<\/strong><\/span><\/p>\t\t\t\t\t\t<\/div>\n\t\t\t\t<\/div>\n\t\t\t\t\t<\/div>\n\t\t<\/div>\n\t\t\t\t\t\t\t<\/div>\n\t\t<\/section>\n\t\t\t\t<section class=\"elementor-section elementor-top-section elementor-element elementor-element-d440f10 elementor-section-boxed elementor-section-height-default elementor-section-height-default\" data-id=\"d440f10\" data-element_type=\"section\">\n\t\t\t\t\t\t<div class=\"elementor-container elementor-column-gap-default\">\n\t\t\t\t\t<div class=\"elementor-column elementor-col-100 elementor-top-column elementor-element elementor-element-85b4957\" data-id=\"85b4957\" data-element_type=\"column\">\n\t\t\t<div class=\"elementor-widget-wrap elementor-element-populated\">\n\t\t\t\t\t\t\t\t<div class=\"elementor-element elementor-element-0516df0 elementor-widget elementor-widget-image\" data-id=\"0516df0\" data-element_type=\"widget\" data-widget_type=\"image.default\">\n\t\t\t\t<div class=\"elementor-widget-container\">\n\t\t\t\t\t\t\t\t\t\t\t\t\t\t\t<img width=\"640\" height=\"720\" src=\"https:\/\/tajasport.com\/wp-content\/uploads\/2022\/12\/PHOTO-2022-11-02-17-20-16-910x1024.jpg\" class=\"attachment-large size-large wp-image-18790\" alt=\"\" loading=\"lazy\" srcset=\"https:\/\/tajasport.com\/wp-content\/uploads\/2022\/12\/PHOTO-2022-11-02-17-20-16-910x1024.jpg 910w, https:\/\/tajasport.com\/wp-content\/uploads\/2022\/12\/PHOTO-2022-11-02-17-20-16-267x300.jpg 267w, https:\/\/tajasport.com\/wp-content\/uploads\/2022\/12\/PHOTO-2022-11-02-17-20-16-768x864.jpg 768w, https:\/\/tajasport.com\/wp-content\/uploads\/2022\/12\/PHOTO-2022-11-02-17-20-16.jpg 1181w\" sizes=\"(max-width: 640px) 100vw, 640px\" title=\"\">\t\t\t\t\t\t\t\t\t\t\t\t\t\t\t<\/div>\n\t\t\t\t<\/div>\n\t\t\t\t\t<\/div>\n\t\t<\/div>\n\t\t\t\t\t\t\t<\/div>\n\t\t<\/section>\n\t\t\t\t<section class=\"elementor-section elementor-top-section elementor-element elementor-element-92bd738 elementor-section-boxed elementor-section-height-default elementor-section-height-default\" data-id=\"92bd738\" data-element_type=\"section\">\n\t\t\t\t\t\t<div class=\"elementor-container elementor-column-gap-default\">\n\t\t\t\t\t<div class=\"elementor-column elementor-col-100 elementor-top-column elementor-element elementor-element-c7384f9\" data-id=\"c7384f9\" data-element_type=\"column\">\n\t\t\t<div class=\"elementor-widget-wrap elementor-element-populated\">\n\t\t\t\t\t\t\t\t<div class=\"elementor-element elementor-element-d66ea77 elementor-widget elementor-widget-text-editor\" data-id=\"d66ea77\" data-element_type=\"widget\" data-widget_type=\"text-editor.default\">\n\t\t\t\t<div class=\"elementor-widget-container\">\n\t\t\t\t\t\t\t<p><span style=\"color: #000000;\"><strong>Dans une interview accord\u00e9e \u00e0 Taja Sport, Malak se f\u00e9licite de cet accomplissement qu\u2019elle n\u2019aurait pu r\u00e9aliser sans le soutien de ses parents. \u00ab\u2009Ma m\u00e8re est ma plus grande supportrice. Mon P\u00e8re, quant \u00e0 lui, m\u2019a transmis son savoir-faire et sa passion pour le kickboxing. Lui-m\u00eame est quadruple champion du monde et 10\u00a0fois champion du Liban\u2009\u00bb, a-t-elle confi\u00e9. <\/strong><\/span><\/p><p><span style=\"color: #000000;\"><strong>Malak d\u00e9couvre le kickboxing \u00e0 l\u2019\u00e2ge de 4\u00a0ans en accompagnant son p\u00e8re \u00e0 l\u2019entra\u00eenement. Petit \u00e0 petit, ce dernier commence \u00e0 l\u2019initier \u00e0 cet art martial. \u00ab\u2009Au d\u00e9but, je n\u2019aimais pas l\u2019entra\u00eenement. Mais lorsque j\u2019ai particip\u00e9 \u00e0 des tournois, j\u2019ai eu un d\u00e9clic. C\u2019est l\u00e0 que ma passion pour ce sport est n\u00e9e\u2009\u00bb, raconte l\u2019adolescente. <\/strong><\/span><\/p><p><span style=\"color: #000000;\"><strong>\u00c0 ce sujet, sa maman, Sara Meslah, indique \u00e0 Taja Sport\u00a0: \u00ab\u2009Ma fille Malak est issue d\u2019une famille sportive. Son p\u00e8re est champion de boxe et son grand-p\u00e8re \u00e9tait footballeur. Nous l\u2019avons encourag\u00e9e \u00e0 s\u2019impliquer dans cette discipline\u2009\u00bb.<\/strong><\/span><\/p>\t\t\t\t\t\t<\/div>\n\t\t\t\t<\/div>\n\t\t\t\t\t<\/div>\n\t\t<\/div>\n\t\t\t\t\t\t\t<\/div>\n\t\t<\/section>\n\t\t\t\t<section class=\"elementor-section elementor-top-section elementor-element elementor-element-f53a6ed elementor-section-boxed elementor-section-height-default elementor-section-height-default\" data-id=\"f53a6ed\" data-element_type=\"section\">\n\t\t\t\t\t\t<div class=\"elementor-container elementor-column-gap-default\">\n\t\t\t\t\t<div class=\"elementor-column elementor-col-100 elementor-top-column elementor-element elementor-element-3bdf99e\" data-id=\"3bdf99e\" data-element_type=\"column\">\n\t\t\t<div class=\"elementor-widget-wrap elementor-element-populated\">\n\t\t\t\t\t\t\t\t<div class=\"elementor-element elementor-element-8e4c7ba elementor-widget elementor-widget-image\" data-id=\"8e4c7ba\" data-element_type=\"widget\" data-widget_type=\"image.default\">\n\t\t\t\t<div class=\"elementor-widget-container\">\n\t\t\t\t\t\t\t\t\t\t\t\t\t\t\t<img width=\"640\" height=\"853\" src=\"https:\/\/tajasport.com\/wp-content\/uploads\/2022\/12\/PHOTO-2022-11-02-17-20-12-768x1024.jpg\" class=\"attachment-large size-large wp-image-18792\" alt=\"\" loading=\"lazy\" srcset=\"https:\/\/tajasport.com\/wp-content\/uploads\/2022\/12\/PHOTO-2022-11-02-17-20-12-768x1024.jpg 768w, https:\/\/tajasport.com\/wp-content\/uploads\/2022\/12\/PHOTO-2022-11-02-17-20-12-225x300.jpg 225w, https:\/\/tajasport.com\/wp-content\/uploads\/2022\/12\/PHOTO-2022-11-02-17-20-12.jpg 960w\" sizes=\"(max-width: 640px) 100vw, 640px\" title=\"\">\t\t\t\t\t\t\t\t\t\t\t\t\t\t\t<\/div>\n\t\t\t\t<\/div>\n\t\t\t\t\t<\/div>\n\t\t<\/div>\n\t\t\t\t\t\t\t<\/div>\n\t\t<\/section>\n\t\t\t\t<section class=\"elementor-section elementor-top-section elementor-element elementor-element-745eb41 elementor-section-boxed elementor-section-height-default elementor-section-height-default\" data-id=\"745eb41\" data-element_type=\"section\">\n\t\t\t\t\t\t<div class=\"elementor-container elementor-column-gap-default\">\n\t\t\t\t\t<div class=\"elementor-column elementor-col-100 elementor-top-column elementor-element elementor-element-4b81398\" data-id=\"4b81398\" data-element_type=\"column\">\n\t\t\t<div class=\"elementor-widget-wrap elementor-element-populated\">\n\t\t\t\t\t\t\t\t<div class=\"elementor-element elementor-element-b3a1f4f elementor-widget elementor-widget-text-editor\" data-id=\"b3a1f4f\" data-element_type=\"widget\" data-widget_type=\"text-editor.default\">\n\t\t\t\t<div class=\"elementor-widget-container\">\n\t\t\t\t\t\t\t<p><span style=\"color: #000000;\"><strong>Et d\u2019ajouter\u00a0: \u00ab\u2009Son p\u00e8re pratique les arts martiaux depuis qu\u2019il est jeune. Quand il est devenu officier dans l\u2019arm\u00e9e libanaise, il a fond\u00e9 l\u2019\u00c9cole Militaire des Arts Martiaux. Malak a grandi dans cet environnement et le parcours de son p\u00e8re l\u2019a \u00e9norm\u00e9ment inspir\u00e9e. Celui-ci a toujours \u00e9t\u00e9 \u00e0 ses c\u00f4t\u00e9s dans les entra\u00eenements et les tournois. Aujourd\u2019hui, nous sommes fiers d\u2019elle et de ses r\u00e9alisations.\u2009\u00bb<\/strong><\/span><\/p><h4><span style=\"color: #ff0000;\"><strong>Une championne mod\u00e8le<\/strong><\/span><\/h4><p><span style=\"color: #000000;\"><strong>En plus de son succ\u00e8s sportif, la fille Malaeb figure parmi les meilleurs \u00e9l\u00e8ves de sa classe. \u00c0 l\u2019\u00e9cole, elle sensibilise ses camarades \u00e0 la pratique du kickboxing et les encourage \u00e0 la rejoindre en salle. \u00ab\u2009Quand je remporte une victoire, tous mes amis partagent mon bonheur, surtout les filles. Je suis fi\u00e8re d\u2019avoir r\u00e9ussi \u00e0 convaincre certaines d\u2019entre elles \u00e0 pratiquer cet art martial\u00a0\u00bb.<\/strong><\/span><\/p><p><span style=\"color: #000000;\"><strong>L\u00e9a Malaeb, 8\u00a0ans, fait partie des amies et admiratrices de Malak. Aujourd\u2019hui, elle partage avec elle la passion du combat, apr\u00e8s avoir \u00e9t\u00e9 gymnaste. \u00ab\u2009J\u2019ai rencontr\u00e9 Malak et tr\u00e8s vite, nous sommes devenues tr\u00e8s proches. Je pouvais compter sur son aide et elle m\u2019a tout appris\u2009\u00bb, raconte la petite fille.<\/strong><\/span><\/p><p><span style=\"color: #000000;\"><strong>Sur la victoire de sa copine en finale du Championnat du Monde, elle d\u00e9clare\u00a0: \u00ab\u2009J\u2019\u00e9tais fi\u00e8re de Malak et tr\u00e8s ravie de la voir \u00e0 la t\u00e9l\u00e9vision. Cela me pousse \u00e0 pers\u00e9v\u00e9rer pour remporter des comp\u00e9titions. Je m\u2019entra\u00eene beaucoup pour devenir comme elle\u2009\u00bb.<\/strong><\/span><\/p><p><span style=\"color: #000000;\"><strong>Au pays du C\u00e8dre, l\u2019impossible n\u2019est pas f\u00e9minin. En effet, les Libanaises, quel que soit leur \u00e2ge, imposent leur pr\u00e9sence dans divers \u00e9v\u00e8nements sportifs. Elles sont de plus en plus nombreuses \u00e0 s\u2019engager dans cette voie, d\u00e8s leur plus jeune \u00e2ge. Parviendront-elles un jour \u00e0 voir les sports f\u00e9minins se d\u00e9mocratiser dans la soci\u00e9t\u00e9 libanaise\u2009? Cela semble tr\u00e8s bien parti\u2009!<\/strong><\/span><\/p><p>\u00a0<\/p>\t\t\t\t\t\t<\/div>\n\t\t\t\t<\/div>\n\t\t\t\t\t<\/div>\n\t\t<\/div>\n\t\t\t\t\t\t\t<\/div>\n\t\t<\/section>\n\t\t\t\t\t\t\t<\/div>\n\t\t","protected":false},"excerpt":{"rendered":"<p>Apr\u00e8s avoir remport\u00e9 le Championnat du Monde U18 de kickboxing, Malak Malaeb s\u2019emploie \u00e0 promouvoir la pratique des arts martiaux aupr\u00e8s des jeunes filles libanaises. Dans cette comp\u00e9tition mondiale, Malak s\u2019est impos\u00e9e face aux plus grandes championnes internationales de la discipline. Un exploit qui a propuls\u00e9 la Libanaise au-devant de la sc\u00e8ne sportive. D\u00e9sormais, Malak Malaeb est un mod\u00e8le de r\u00e9ussite sportive qui inspire les jeunes filles de son pays. <\/p>\n","protected":false},"author":25,"featured_media":18786,"comment_status":"closed","ping_status":"closed","sticky":false,"template":"","format":"standard","meta":{"inline_featured_image":false},"categories":[14,48,97],"tags":[],"primary_categories":[],"_links":{"self":[{"href":"https:\/\/tajasport.com\/fr\/wp-json\/wp\/v2\/posts\/18797"}],"collection":[{"href":"https:\/\/tajasport.com\/fr\/wp-json\/wp\/v2\/posts"}],"about":[{"href":"https:\/\/tajasport.com\/fr\/wp-json\/wp\/v2\/types\/post"}],"author":[{"embeddable":true,"href":"https:\/\/tajasport.com\/fr\/wp-json\/wp\/v2\/users\/25"}],"replies":[{"embeddable":true,"href":"https:\/\/tajasport.com\/fr\/wp-json\/wp\/v2\/comments?post=18797"}],"version-history":[{"count":6,"href":"https:\/\/tajasport.com\/fr\/wp-json\/wp\/v2\/posts\/18797\/revisions"}],"predecessor-version":[{"id":18803,"href":"https:\/\/tajasport.com\/fr\/wp-json\/wp\/v2\/posts\/18797\/revisions\/18803"}],"wp:featuredmedia":[{"embeddable":true,"href":"https:\/\/tajasport.com\/fr\/wp-json\/wp\/v2\/media\/18786"}],"wp:attachment":[{"href":"https:\/\/tajasport.com\/fr\/wp-json\/wp\/v2\/media?parent=18797"}],"wp:term":[{"taxonomy":"category","embeddable":true,"href":"https:\/\/tajasport.com\/fr\/wp-json\/wp\/v2\/categories?post=18797"},{"taxonomy":"post_tag","embeddable":true,"href":"https:\/\/tajasport.com\/fr\/wp-json\/wp\/v2\/tags?post=18797"}],"curies":[{"name":"wp","href":"https:\/\/api.w.org\/{rel}","templated":true}]}}