{"id":25304,"date":"2023-05-15T20:43:12","date_gmt":"2023-05-15T18:43:12","guid":{"rendered":"https:\/\/tajasport.com\/championnats-du-monde-de-karate-les-marocaines-excellent-les-egyptiennes-se-demarquent\/"},"modified":"2023-05-16T16:05:30","modified_gmt":"2023-05-16T14:05:30","slug":"championnats-du-monde-de-karate-les-marocaines-excellent-les-egyptiennes-se-demarquent","status":"publish","type":"post","link":"https:\/\/tajasport.com\/fr\/championnats-du-monde-de-karate-les-marocaines-excellent-les-egyptiennes-se-demarquent\/","title":{"rendered":"Championnats du monde de karat\u00e9 : les Marocaines excellent, les Egyptiennes se d\u00e9marquent"},"content":{"rendered":"\t\t<div data-elementor-type=\"wp-post\" data-elementor-id=\"25304\" class=\"elementor elementor-25304 elementor-25199\">\n\t\t\t\t\t\t\t\t\t<section class=\"elementor-section elementor-top-section elementor-element elementor-element-2e93277 elementor-section-boxed elementor-section-height-default elementor-section-height-default\" data-id=\"2e93277\" data-element_type=\"section\">\n\t\t\t\t\t\t<div class=\"elementor-container elementor-column-gap-default\">\n\t\t\t\t\t<div class=\"elementor-column elementor-col-100 elementor-top-column elementor-element elementor-element-7ecc3500\" data-id=\"7ecc3500\" data-element_type=\"column\">\n\t\t\t<div class=\"elementor-widget-wrap elementor-element-populated\">\n\t\t\t\t\t\t\t\t<div class=\"elementor-element elementor-element-7b49dead elementor-widget elementor-widget-text-editor\" data-id=\"7b49dead\" data-element_type=\"widget\" data-widget_type=\"text-editor.default\">\n\t\t\t\t<div class=\"elementor-widget-container\">\n\t\t\t\t\t\t\t<p><strong>R\u00e9sultats du Maroc au Championnat du Monde de Karat\u00e9 <\/strong><\/p>\n<p>La championne marocaine, Nesrine Brook, a remport\u00e9 la m\u00e9daille de bronze dans la cat\u00e9gorie des moins de 68 kg, en Kumite. Dans la m\u00eame discipline, l\u2019autre championne marocaine, Fatima Zahra Chokairi, a \u00e9galement remport\u00e9 la m\u00e9daille de bronze dans la cat\u00e9gorie des 61 kg. La m\u00e9daille de bronze a, elle, \u00e9t\u00e9 du ressort de la Marocaine, Chaimae El Hayti, dans la cat\u00e9gorie des moins de 50 kg, lors du Championnat du Monde de Karat\u00e9.<\/p>\n<p><strong>Participation des \u00c9mirats arabes unis <\/strong><\/p>\n<p>L&#8217;\u00e9quipe f\u00e9minine du Sharjah Sports Club a particip\u00e9 au Championnat du Monde de Karat\u00e9 qui a d\u00e9but\u00e9 au Maroc le 14 mai.<\/p>\n<p>L&#8217;\u00e9quipe comprenait la cheffe de d\u00e9l\u00e9gation, Amina Al-Husseini, ainsi que l&#8217;entra\u00eeneuse Hala Al-Boudi et les joueuses Hurra Al-Ajmi et Fatima Khassif.<\/p>\n<p><strong>Les \u00c9gyptiennes en t\u00eate de classement <\/strong><\/p>\n<p>Dans le classement mondial du karat\u00e9 publi\u00e9 le 14 mai, la championne \u00e9gyptienne Ahlam Hamdi a r\u00e9ussi \u00e0 occuper la deuxi\u00e8me place dans la cat\u00e9gorie des moins de 55 kg. Pour sa part, la championne \u00e9gyptienne Menna Shaaban s&#8217;est hiss\u00e9e au sommet du classement mondial du karat\u00e9 dans la cat\u00e9gorie des plus de 68 kg.<\/p>\n\t\t\t\t\t\t<\/div>\n\t\t\t\t<\/div>\n\t\t\t\t\t<\/div>\n\t\t<\/div>\n\t\t\t\t\t\t\t<\/div>\n\t\t<\/section>\n\t\t<div class=\"elementor-element elementor-element-d95338c e-flex e-con-boxed e-con\" data-id=\"d95338c\" data-element_type=\"container\" data-settings=\"{&quot;content_width&quot;:&quot;boxed&quot;}\">\n\t\t\t\t\t<div class=\"e-con-inner\">\n\t\t\t\t<div class=\"elementor-element elementor-element-5aaa6a8 elementor-widget elementor-widget-image\" data-id=\"5aaa6a8\" data-element_type=\"widget\" data-widget_type=\"image.default\">\n\t\t\t\t<div class=\"elementor-widget-container\">\n\t\t\t\t\t\t\t\t\t\t\t\t<figure class=\"wp-caption\">\n\t\t\t\t\t\t\t\t\t\t<img src=\"https:\/\/tajasport.com\/wp-content\/uploads\/2023\/05\/FB_IMG_1684107827361.jpg\" title=\"\" alt=\"\" loading=\"lazy\">\t\t\t\t\t\t\t\t\t\t\t<figcaption class=\"widget-image-caption wp-caption-text\">Ahlam Hamdi<\/figcaption>\n\t\t\t\t\t\t\t\t\t\t<\/figure>\n\t\t\t\t\t\t\t\t\t<\/div>\n\t\t\t\t<\/div>\n\t\t\t\t\t<\/div>\n\t\t\t\t<\/div>\n\t\t<div class=\"elementor-element elementor-element-616f0da e-flex e-con-boxed e-con\" data-id=\"616f0da\" data-element_type=\"container\" data-settings=\"{&quot;content_width&quot;:&quot;boxed&quot;}\">\n\t\t\t\t\t<div class=\"e-con-inner\">\n\t\t\t\t<div class=\"elementor-element elementor-element-5fb287b elementor-widget elementor-widget-text-editor\" data-id=\"5fb287b\" data-element_type=\"widget\" data-widget_type=\"text-editor.default\">\n\t\t\t\t<div class=\"elementor-widget-container\">\n\t\t\t\t\t\t\t<p>En marge du Championnat du Monde, l&#8217;arbitre \u00e9gyptienne de karat\u00e9, Nada Eid, a obtenu son badge international en kata et en kumit\u00e9 apr\u00e8s avoir r\u00e9ussi le cours d&#8217;arbitrage international.<\/p>\n<p>La 17<sup>e<\/sup> \u00e9dition du Championnat du Monde de Karat\u00e9 s&#8217;est conclue avec la participation de plus de 380 championnes et champions mondiaux class\u00e9s selon la F\u00e9d\u00e9ration internationale de karat\u00e9.<\/p>\n<p>&nbsp;<\/p>\n\t\t\t\t\t\t<\/div>\n\t\t\t\t<\/div>\n\t\t\t\t\t<\/div>\n\t\t\t\t<\/div>\n\t\t\t\t\t\t\t<\/div>\n\t\t","protected":false},"excerpt":{"rendered":"<p>Le rideau est tomb\u00e9 dimanche dernier sur la 17e \u00e9dition du Championnat du Monde de Karat\u00e9, qui s&#8217;est d\u00e9roul\u00e9e dans la capitale marocaine, Rabat, du 12 au 14 mai dernier. Le championnat a connu une large participation des athl\u00e8tes d&#8217;Afrique du Nord et du Moyen-Orient, avec des r\u00e9sultats satisfaisants et plusieurs m\u00e9dailles remport\u00e9es.<\/p>\n","protected":false},"author":11,"featured_media":0,"comment_status":"closed","ping_status":"closed","sticky":false,"template":"","format":"standard","meta":{"inline_featured_image":false},"categories":[14,97],"tags":[],"primary_categories":[],"_links":{"self":[{"href":"https:\/\/tajasport.com\/fr\/wp-json\/wp\/v2\/posts\/25304"}],"collection":[{"href":"https:\/\/tajasport.com\/fr\/wp-json\/wp\/v2\/posts"}],"about":[{"href":"https:\/\/tajasport.com\/fr\/wp-json\/wp\/v2\/types\/post"}],"author":[{"embeddable":true,"href":"https:\/\/tajasport.com\/fr\/wp-json\/wp\/v2\/users\/11"}],"replies":[{"embeddable":true,"href":"https:\/\/tajasport.com\/fr\/wp-json\/wp\/v2\/comments?post=25304"}],"version-history":[{"count":8,"href":"https:\/\/tajasport.com\/fr\/wp-json\/wp\/v2\/posts\/25304\/revisions"}],"predecessor-version":[{"id":25379,"href":"https:\/\/tajasport.com\/fr\/wp-json\/wp\/v2\/posts\/25304\/revisions\/25379"}],"wp:attachment":[{"href":"https:\/\/tajasport.com\/fr\/wp-json\/wp\/v2\/media?parent=25304"}],"wp:term":[{"taxonomy":"category","embeddable":true,"href":"https:\/\/tajasport.com\/fr\/wp-json\/wp\/v2\/categories?post=25304"},{"taxonomy":"post_tag","embeddable":true,"href":"https:\/\/tajasport.com\/fr\/wp-json\/wp\/v2\/tags?post=25304"}],"curies":[{"name":"wp","href":"https:\/\/api.w.org\/{rel}","templated":true}]}}