{"id":25795,"date":"2023-05-19T02:07:16","date_gmt":"2023-05-19T00:07:16","guid":{"rendered":"https:\/\/tajasport.com\/apres-sa-defaite-contre-manchester-city-le-real-madrid-soutenu-par-la-pena-madridista-au-maroc\/"},"modified":"2023-05-19T02:09:15","modified_gmt":"2023-05-19T00:09:15","slug":"apres-sa-defaite-contre-manchester-city-le-real-madrid-soutenu-par-la-pena-madridista-au-maroc","status":"publish","type":"post","link":"https:\/\/tajasport.com\/fr\/apres-sa-defaite-contre-manchester-city-le-real-madrid-soutenu-par-la-pena-madridista-au-maroc\/","title":{"rendered":"Apr\u00e8s sa d\u00e9faite contre Manchester City, le Real Madrid soutenu par la &#8220;Pe\u00f1a Madridista&#8221; au Maroc"},"content":{"rendered":"\t\t<div data-elementor-type=\"wp-post\" data-elementor-id=\"25795\" class=\"elementor elementor-25795 elementor-25582\">\n\t\t\t\t\t\t\t\t\t<section class=\"elementor-section elementor-top-section elementor-element elementor-element-11aece66 elementor-section-boxed elementor-section-height-default elementor-section-height-default\" data-id=\"11aece66\" data-element_type=\"section\">\n\t\t\t\t\t\t<div class=\"elementor-container elementor-column-gap-default\">\n\t\t\t\t\t<div class=\"elementor-column elementor-col-100 elementor-top-column elementor-element elementor-element-4ba5675f\" data-id=\"4ba5675f\" data-element_type=\"column\">\n\t\t\t<div class=\"elementor-widget-wrap elementor-element-populated\">\n\t\t\t\t\t\t\t\t<div class=\"elementor-element elementor-element-22fa6968 elementor-widget elementor-widget-text-editor\" data-id=\"22fa6968\" data-element_type=\"widget\" data-widget_type=\"text-editor.default\">\n\t\t\t\t<div class=\"elementor-widget-container\">\n\t\t\t\t\t\t\t<p><span style=\"color: #000000;\">\u00ab\u00a0J&#8217;\u00e9tais d\u00e9termin\u00e9e \u00e0 acheter un billet pour la finale de la Ligue des Champions de football, qui co\u00efncide avec le jour de mon anniversaire, si le Real Madrid parvenait \u00e0 s\u2019y qualifier. J\u2019aurais voulu c\u00e9l\u00e9brer ma f\u00eate \u00e0 Istanbul o\u00f9 se d\u00e9roulera la finale cette ann\u00e9e\u00a0\u00bb, d\u00e9clare \u00e0\u00a0la plateforme Taja Sport la vice-pr\u00e9sidente de la \u00ab\u00a0Pe\u00f1a Madridista\u00a0\u00bb \u00e0 T\u00e9touan, Siham Cha\u00efri el-Ramli.<\/span><\/p><p><span style=\"color: #000000;\">Saham, qui est fan du Real Madrid depuis plus de 25 ans, esp\u00e9rait que son \u00e9quipe, qu&#8217;elle consid\u00e8re comme la meilleure au monde, se qualifierait. A sa grande d\u00e9ception, cela ne s\u2019est pas produit, le Real Madrid ayant fait preuve d\u2019un niveau de jeu tr\u00e8s modeste face \u00e0 son adversaire qui l&#8217;avait \u00e9limin\u00e9 l\u2019an dernier en demi-finale de la Ligue des Champions. Ni Saham ni les autres fans du Real Madrid ne s&#8217;attendaient \u00e0 ce que leur \u00e9quipe soit battue avec 4 buts \u00e0 z\u00e9ro par l&#8217;\u00e9quipe de l&#8217;entra\u00eeneur espagnol, Pep Guardiola.<\/span><\/p><p><span style=\"color: #000000;\">\u00ab Le Real Madrid semblait d\u00e9stabilis\u00e9 sur le terrain, incapable de transmettre le ballon aux attaquants. Kroos, Modri\u0107, Valverde, ainsi que les joueurs en position de d\u00e9fense, n\u2019ont pas donn\u00e9 le meilleur d\u2019eux-m\u00eames. Leur d\u00e9faite a \u00e9t\u00e9 un grand choc pour nous\u00a0\u00bb, se d\u00e9sole Siham Cha\u00efri el-Ramli, interrog\u00e9e \u00e0 l\u2019issue du match.<\/span><\/p>\t\t\t\t\t\t<\/div>\n\t\t\t\t<\/div>\n\t\t\t\t\t<\/div>\n\t\t<\/div>\n\t\t\t\t\t\t\t<\/div>\n\t\t<\/section>\n\t\t<div class=\"elementor-element elementor-element-0a03e9d e-flex e-con-boxed e-con\" data-id=\"0a03e9d\" data-element_type=\"container\" data-settings=\"{&quot;content_width&quot;:&quot;boxed&quot;}\">\n\t\t\t\t\t<div class=\"e-con-inner\">\n\t\t\t\t<div class=\"elementor-element elementor-element-f13f6f7 elementor-widget elementor-widget-image\" data-id=\"f13f6f7\" data-element_type=\"widget\" data-widget_type=\"image.default\">\n\t\t\t\t<div class=\"elementor-widget-container\">\n\t\t\t\t\t\t\t\t\t\t\t\t<figure class=\"wp-caption\">\n\t\t\t\t\t\t\t\t\t\t<img width=\"640\" height=\"853\" src=\"https:\/\/tajasport.com\/wp-content\/uploads\/2023\/05\/WhatsApp-Image-2023-05-18-at-16.10.05-1.jpeg\" class=\"attachment-large size-large wp-image-25587\" alt=\"\" loading=\"lazy\" srcset=\"https:\/\/tajasport.com\/wp-content\/uploads\/2023\/05\/WhatsApp-Image-2023-05-18-at-16.10.05-1.jpeg 768w, https:\/\/tajasport.com\/wp-content\/uploads\/2023\/05\/WhatsApp-Image-2023-05-18-at-16.10.05-1-225x300.jpeg 225w\" sizes=\"(max-width: 640px) 100vw, 640px\" title=\"\">\t\t\t\t\t\t\t\t\t\t\t<figcaption class=\"widget-image-caption wp-caption-text\">Siham Cha\u00efri el-Ramli<\/figcaption>\n\t\t\t\t\t\t\t\t\t\t<\/figure>\n\t\t\t\t\t\t\t\t\t<\/div>\n\t\t\t\t<\/div>\n\t\t\t\t\t<\/div>\n\t\t\t\t<\/div>\n\t\t<div class=\"elementor-element elementor-element-453da5e e-flex e-con-boxed e-con\" data-id=\"453da5e\" data-element_type=\"container\" data-settings=\"{&quot;content_width&quot;:&quot;boxed&quot;}\">\n\t\t\t\t\t<div class=\"e-con-inner\">\n\t\t\t\t<div class=\"elementor-element elementor-element-2b544dd elementor-widget elementor-widget-text-editor\" data-id=\"2b544dd\" data-element_type=\"widget\" data-widget_type=\"text-editor.default\">\n\t\t\t\t<div class=\"elementor-widget-container\">\n\t\t\t\t\t\t\t<p><span style=\"color: #000000;\">Siham regarde les matchs \u00e0 la maison avec sa famille (\u00e9galement passionn\u00e9e de football) ou en compagnie de la \u00ab\u00a0Pe\u00f1a Madridista\u00a0\u00bb. Elle consid\u00e8re que le Real se remettra rapidement de cette \u00e9limination, surtout qu\u2019il jouit du soutien d\u2019une \u00e9quipe technique remarquable. \u00ab\u00a0J\u2019ai beaucoup d\u2019estime pour Carlo Ancelotti. C&#8217;est le meilleur entra\u00eeneur au monde et je souhaite qu\u2019il reste aux c\u00f4t\u00e9s du Real Madrid l\u2019an prochain\u00a0\u00bb, d\u00e9clare-t-elle.<\/span><\/p><p><span style=\"color: #000000;\">Fond\u00e9e en 2018, la \u00ab\u00a0Pe\u00f1a Madridista\u00a0\u00bb de T\u00e9touan compte environ 30 membres, tous des femmes. Elles suivent de pr\u00e8s le parcours de l&#8217;\u00e9quipe du Real Madrid ainsi que les comp\u00e9titions locales ou europ\u00e9ennes auxquelles elle prend part.<\/span><\/p><p><span style=\"color: #000000;\">Les fans du Real Madrid au Maroc, repr\u00e9sent\u00e9s par l&#8217;association \u00ab\u00a0Pe\u00f1a Madridista\u00a0\u00bb, entretiennent des relations \u00e9troites avec l&#8217;\u00e9quipe et maintiennent une communication r\u00e9guli\u00e8re avec elle, notamment lors de l&#8217;organisation de visites au si\u00e8ge du club \u00e0 Madrid. Ils peuvent \u00e9galement assister aux matchs de l&#8217;\u00e9quipe au stade Santiago Bernabeu, dans la capitale espagnole.<\/span><\/p><p><span style=\"color: #000000;\">Le pr\u00e9sident du Real Madrid, Florentino Perez, a d\u00e9j\u00e0 re\u00e7u la \u00ab\u00a0Pe\u00f1a Madridista\u00a0\u00bb, en 2023. Cela s&#8217;est produit lorsque le pays a accueilli, en f\u00e9vrier, la Coupe du Monde des Clubs qui a \u00e9t\u00e9 remport\u00e9e par le Real Madrid.<\/span><\/p><p><span style=\"color: #000000;\">Au Maroc, il existe plusieurs associations regroupant des fans du Real Madrid, dont la \u00ab\u00a0Pe\u00f1a Madridista\u00a0\u00bb \u00e0 Marrakech, en plus de celle de Casablanca, fond\u00e9e en 2014 et consid\u00e9r\u00e9e comme la plus ancienne du pays.<\/span><\/p>\t\t\t\t\t\t<\/div>\n\t\t\t\t<\/div>\n\t\t\t\t\t<\/div>\n\t\t\t\t<\/div>\n\t\t<div class=\"elementor-element elementor-element-f503a37 e-flex e-con-boxed e-con\" data-id=\"f503a37\" data-element_type=\"container\" data-settings=\"{&quot;content_width&quot;:&quot;boxed&quot;}\">\n\t\t\t\t\t<div class=\"e-con-inner\">\n\t\t\t\t<div class=\"elementor-element elementor-element-611277c elementor-widget elementor-widget-image\" data-id=\"611277c\" data-element_type=\"widget\" data-widget_type=\"image.default\">\n\t\t\t\t<div class=\"elementor-widget-container\">\n\t\t\t\t\t\t\t\t\t\t\t\t<figure class=\"wp-caption\">\n\t\t\t\t\t\t\t\t\t\t<img width=\"640\" height=\"853\" src=\"https:\/\/tajasport.com\/wp-content\/uploads\/2023\/05\/WhatsApp-Image-2023-05-18-at-16.06.48.jpeg\" class=\"attachment-large size-large wp-image-25589\" alt=\"\" loading=\"lazy\" srcset=\"https:\/\/tajasport.com\/wp-content\/uploads\/2023\/05\/WhatsApp-Image-2023-05-18-at-16.06.48.jpeg 768w, https:\/\/tajasport.com\/wp-content\/uploads\/2023\/05\/WhatsApp-Image-2023-05-18-at-16.06.48-225x300.jpeg 225w\" sizes=\"(max-width: 640px) 100vw, 640px\" title=\"\">\t\t\t\t\t\t\t\t\t\t\t<figcaption class=\"widget-image-caption wp-caption-text\">Siham Cha\u00efri el-Ramli avec Florentino P\u00e9rez<\/figcaption>\n\t\t\t\t\t\t\t\t\t\t<\/figure>\n\t\t\t\t\t\t\t\t\t<\/div>\n\t\t\t\t<\/div>\n\t\t\t\t\t<\/div>\n\t\t\t\t<\/div>\n\t\t<div class=\"elementor-element elementor-element-a09e469 e-flex e-con-boxed e-con\" data-id=\"a09e469\" data-element_type=\"container\" data-settings=\"{&quot;content_width&quot;:&quot;boxed&quot;}\">\n\t\t\t\t\t<div class=\"e-con-inner\">\n\t\t\t\t<div class=\"elementor-element elementor-element-e09be4b elementor-widget elementor-widget-text-editor\" data-id=\"e09be4b\" data-element_type=\"widget\" data-widget_type=\"text-editor.default\">\n\t\t\t\t<div class=\"elementor-widget-container\">\n\t\t\t\t\t\t\t\t\t\t\t\t\t<\/div>\n\t\t\t\t<\/div>\n\t\t\t\t\t<\/div>\n\t\t\t\t<\/div>\n\t\t<div class=\"elementor-element elementor-element-62cd349 e-flex e-con-boxed e-con\" data-id=\"62cd349\" data-element_type=\"container\" data-settings=\"{&quot;content_width&quot;:&quot;boxed&quot;}\">\n\t\t\t\t\t<div class=\"e-con-inner\">\n\t\t\t\t<div class=\"elementor-element elementor-element-6a77f31 elementor-widget elementor-widget-text-editor\" data-id=\"6a77f31\" data-element_type=\"widget\" data-widget_type=\"text-editor.default\">\n\t\t\t\t<div class=\"elementor-widget-container\">\n\t\t\t\t\t\t\t<p><span style=\"color: #000000;\">Selon le site officiel du Real Madrid, l&#8217;association des fans \u00ab\u00a0Pe\u00f1a Casa Madridista\u00a0\u00bb, est une organisation \u00e0 but non lucratif. Elle est officiellement reconnue par le Real Madrid et les autorit\u00e9s marocaines et vise \u00e0 rassembler les fans du Real Madrid au Maroc. Sa mission principale consiste \u00e0 promouvoir l&#8217;image et les valeurs du Real Madrid \u00e0 travers des activit\u00e9s sociales, des groupes de fans et \u00e0 cr\u00e9er un espace de rencontre et de communication.<\/span><\/p><p><span style=\"color: #000000;\">L&#8217;association compte 175 membres qui se r\u00e9unissent pour suivre tous les matchs du Real Madrid dans une ambiance festive et joyeuse. Ces r\u00e9unions ont lieu dans plusieurs villes telles que Casablanca, Paris, Rabat, Marrakech et F\u00e8s.<\/span><\/p><p><span style=\"color: #000000;\">Parmi ses activit\u00e9s les plus marquantes, nous relevons l\u2019organisation de journ\u00e9es sportives destin\u00e9es aux enfants d\u00e9favoris\u00e9s, en collaboration avec les institutions SOS et AMANI. Cette activit\u00e9 sociale, \u00e0 laquelle plus de 300 personnes participent, vise \u00e0 permettre aux enfants de milieux diff\u00e9rents de se rencontrer et de s\u2019\u00e9panouir dans un environnement sportif agr\u00e9able.<\/span><\/p>\t\t\t\t\t\t<\/div>\n\t\t\t\t<\/div>\n\t\t\t\t\t<\/div>\n\t\t\t\t<\/div>\n\t\t\t\t\t\t\t<\/div>\n\t\t","protected":false},"excerpt":{"rendered":"<p>Au Maroc, nombre de supporters se sont retrouv\u00e9s pour encourager l\u2019\u00e9quipe de football du Real Madrid. Peu de temps avant le match contre Manchester City en demi-finale de la Ligue des Champions de football, les caf\u00e9s se sont remplis. Ils ont regroup\u00e9 les fans de \u00ab l\u2019\u00e9quipe du si\u00e8cle \u00bb, qui constituent la \u00ab Pe\u00f1a Madridista \u00bb au Maroc. Cette association compte parmi ses membres un certain nombre de filles et de femmes passionn\u00e9es du Real Madrid. Chacune d&#8217;entre elles a suivi le match \u00e0 sa mani\u00e8re, jeu \u00e0 l\u2019issue duquel l\u2019\u00e9quipe de Manchester City est sortie, mercredi victorieuse, \u00e0 4 buts \u00e0 z\u00e9ro.  <\/p>\n","protected":false},"author":11,"featured_media":25584,"comment_status":"closed","ping_status":"closed","sticky":false,"template":"","format":"standard","meta":{"inline_featured_image":false},"categories":[10],"tags":[],"primary_categories":[],"_links":{"self":[{"href":"https:\/\/tajasport.com\/fr\/wp-json\/wp\/v2\/posts\/25795"}],"collection":[{"href":"https:\/\/tajasport.com\/fr\/wp-json\/wp\/v2\/posts"}],"about":[{"href":"https:\/\/tajasport.com\/fr\/wp-json\/wp\/v2\/types\/post"}],"author":[{"embeddable":true,"href":"https:\/\/tajasport.com\/fr\/wp-json\/wp\/v2\/users\/11"}],"replies":[{"embeddable":true,"href":"https:\/\/tajasport.com\/fr\/wp-json\/wp\/v2\/comments?post=25795"}],"version-history":[{"count":5,"href":"https:\/\/tajasport.com\/fr\/wp-json\/wp\/v2\/posts\/25795\/revisions"}],"predecessor-version":[{"id":25800,"href":"https:\/\/tajasport.com\/fr\/wp-json\/wp\/v2\/posts\/25795\/revisions\/25800"}],"wp:featuredmedia":[{"embeddable":true,"href":"https:\/\/tajasport.com\/fr\/wp-json\/wp\/v2\/media\/25584"}],"wp:attachment":[{"href":"https:\/\/tajasport.com\/fr\/wp-json\/wp\/v2\/media?parent=25795"}],"wp:term":[{"taxonomy":"category","embeddable":true,"href":"https:\/\/tajasport.com\/fr\/wp-json\/wp\/v2\/categories?post=25795"},{"taxonomy":"post_tag","embeddable":true,"href":"https:\/\/tajasport.com\/fr\/wp-json\/wp\/v2\/tags?post=25795"}],"curies":[{"name":"wp","href":"https:\/\/api.w.org\/{rel}","templated":true}]}}