{"id":25975,"date":"2023-05-22T15:19:19","date_gmt":"2023-05-22T13:19:19","guid":{"rendered":"https:\/\/tajasport.com\/?p=25975"},"modified":"2024-07-17T14:28:08","modified_gmt":"2024-07-17T12:28:08","slug":"coupe-du-monde-feminine-de-football-la-fifa-menace-dannuler-la-diffusion-en-europe","status":"publish","type":"post","link":"https:\/\/tajasport.com\/fr\/coupe-du-monde-feminine-de-football-la-fifa-menace-dannuler-la-diffusion-en-europe\/","title":{"rendered":"Coupe du monde f\u00e9minine de football : La FIFA menace d\u2019annuler la diffusion en Europe"},"content":{"rendered":"\t\t<div data-elementor-type=\"wp-post\" data-elementor-id=\"25975\" class=\"elementor elementor-25975\">\n\t\t\t\t\t\t\t\t\t<section class=\"elementor-section elementor-top-section elementor-element elementor-element-5b86f443 elementor-section-boxed elementor-section-height-default elementor-section-height-default\" data-id=\"5b86f443\" data-element_type=\"section\">\n\t\t\t\t\t\t<div class=\"elementor-container elementor-column-gap-default\">\n\t\t\t\t\t<div class=\"elementor-column elementor-col-100 elementor-top-column elementor-element elementor-element-797e7fd5\" data-id=\"797e7fd5\" data-element_type=\"column\">\n\t\t\t<div class=\"elementor-widget-wrap elementor-element-populated\">\n\t\t\t\t\t\t\t\t<div class=\"elementor-element elementor-element-3403cf42 elementor-widget elementor-widget-text-editor\" data-id=\"3403cf42\" data-element_type=\"widget\" data-widget_type=\"text-editor.default\">\n\t\t\t\t<div class=\"elementor-widget-container\">\n\t\t\t\t\t\t\t<h1>\u00a0<\/h1><p><span style=\"color: #000000;\">Le top d\u00e9part de la Coupe du Monde f\u00e9minine de football sera donn\u00e9 le 20 juillet 2023 en Australie. Le match d\u2019ouverture opposera l\u2019Australie (pays h\u00f4te) \u00e0 la R\u00e9publique d\u2019Irlande (\u00e0 11h heure fran\u00e7aise).<\/span><\/p><p><span style=\"color: #000000;\">Rien que pour ce match, la\u00a0<\/span><a style=\"background-color: #ffffff; letter-spacing: 0px; color: #ff0000; display: inline !important;\" href=\"https:\/\/www.fifa.com\/tournaments\/womens\/womensworldcup\" target=\"_blank\" rel=\"noopener\">FIFA<\/a>\u00a0<span style=\"color: #000000;\">attend pr\u00e8s de 100\u00a0000 spectatrices et spectateurs. La secr\u00e9taire g\u00e9n\u00e9rale de l\u2019instance, Fatma Samoura, avait m\u00eame annonc\u00e9 que la FIFA ambitionne d\u2019organiser cette ann\u00e9e \u00ab\u00a0<strong>la plus grande et la meilleure Coupe du monde f\u00e9minine de l\u2019histoire\u00a0\u00bb.<\/strong><\/span><\/p><p><span style=\"color: #000000;\"><strong>C\u2019est pour cela que le <\/strong>Sydney Football Stadium (stade Allianz) qui devait accueillir le match d\u2019ouverture (45\u00a0500 places), a \u00e9t\u00e9 remplac\u00e9 par le Stadium Australia de Sydney. Une enceinte pouvant accueillir jusqu\u2019\u00e0 83\u00a0500\u00a0spectateurs.<\/span><\/p><h1><span style=\"color: #ff0000;\"><strong>Contexte et enjeux pour la Coupe du Monde f\u00e9minine :<\/strong><\/span><\/h1><p><span style=\"color: #000000;\"><strong>L\u2019imbroglio de la diffusion t\u00e9l\u00e9vis\u00e9e en Europe<\/strong><\/span><\/p><p><span style=\"color: #000000;\">Pour cette\u00a0<\/span><a style=\"background-color: #ffffff; letter-spacing: 0px; color: #ff0000; display: inline !important;\" href=\"https:\/\/tajasport.com\/fr\/foot-la-fifa-menace-de-priver-le-public-europeen-du-mondial-feminin\/\">Coupe du monde f\u00e9minine<\/a>\u00a0<span style=\"color: #000000;\">de football, ce ne sont pas moins de 32 \u00e9quipes qui seront en lice \u00e0 partir du 20 juillet 2023. Parmi elles, pas moins de 12 sont europ\u00e9ennes.<\/span><\/p>\t\t\t\t\t\t<\/div>\n\t\t\t\t<\/div>\n\t\t\t\t\t<\/div>\n\t\t<\/div>\n\t\t\t\t\t\t\t<\/div>\n\t\t<\/section>\n\t\t<div class=\"elementor-element elementor-element-b9a9669 e-flex e-con-boxed e-con\" data-id=\"b9a9669\" data-element_type=\"container\" data-settings=\"{&quot;content_width&quot;:&quot;boxed&quot;}\">\n\t\t\t\t\t<div class=\"e-con-inner\">\n\t\t\t\t\t<\/div>\n\t\t\t\t<\/div>\n\t\t<div class=\"elementor-element elementor-element-c87840d e-flex e-con-boxed e-con\" data-id=\"c87840d\" data-element_type=\"container\" data-settings=\"{&quot;content_width&quot;:&quot;boxed&quot;}\">\n\t\t\t\t\t<div class=\"e-con-inner\">\n\t\t\t\t<div class=\"elementor-element elementor-element-62b8bf2 elementor-widget elementor-widget-text-editor\" data-id=\"62b8bf2\" data-element_type=\"widget\" data-widget_type=\"text-editor.default\">\n\t\t\t\t<div class=\"elementor-widget-container\">\n\t\t\t\t\t\t\t<p><span style=\"color: #000000;\">Pourtant, les publics de ces pays ne sont pas encore surs de pouvoir suivre la comp\u00e9tition sur leurs petits \u00e9crans et ainsi encourager leurs \u00e9quipes m\u00eame \u00e0 distance.<\/span><\/p><p><span style=\"color: #000000;\">Les droits de diffusion de la Coupe du monde masculine de football au Qatar \u00e9taient vendus des centaines de millions d\u2019euros en 2022. Mais la\u00a0<\/span><a style=\"text-align: var(--text-align); background-color: #ffffff; letter-spacing: 0px; color: #ff0000; display: inline !important;\" href=\"https:\/\/tajasport.com\/fr\/coupe-du-monde-de-football-feminin-canada-france-et-espagne-les-joueuses-se-revoltent\/\">Coupe du monde f\u00e9minine<\/a>\u00a0<span style=\"color: #000000;\">ne semble pas \u00eatre une priorit\u00e9 pour certains diffuseurs europ\u00e9ens.<\/span><\/p><p><span style=\"color: #000000;\">En effet, les n\u00e9gociations restent au point mort avec les \u00ab\u00a0cinq grands pays\u00a0\u00bb du football que sont le Royaume-Uni, l\u2019Allemagne, l\u2019Espagne, l\u2019Italie et la France.\u00a0 La FIFA a pourtant d\u00e9j\u00e0 sign\u00e9 avec des diffuseurs de 155 pays, dont les Etats-Unis, le Canada ou encore le Br\u00e9sil.<\/span><\/p><p><span style=\"color: #000000;\">Les Big five europ\u00e9ens proposent entre deux et quatre millions d\u2019euros pour acqu\u00e9rir les droits de t\u00e9l\u00e9transmission. C\u2019est l\u2019\u00e9quivalent du montant pay\u00e9 en France pour acqu\u00e9rir les droits de la Ligue 1 et Ligue 2\u2026 au d\u00e9but des ann\u00e9es 80. C\u2019est \u00ab\u00a0inacceptable\u00a0\u00bb, juge Gianni Infantino, le pr\u00e9sident de la FIFA.<\/span><\/p><h4><span style=\"color: #ff0000;\"><strong>Le cas du Mondial f\u00e9minin de football en 2019<\/strong><\/span><\/h4><p><span style=\"color: #000000;\">Les cha\u00eenes de t\u00e9l\u00e9visions avancent g\u00e9n\u00e9ralement le manque de public pour justifier les montants bas qu\u2019elles avancent. Pourtant, en 2019 quand la France accueillait la Coupe du monde f\u00e9minine de football, les audiences avaient battus tous les records. Selon les conclusions de l\u2019audit fait par la FIFA sur les chiffres d\u2019audience de ce Mondial France 2019, le public \u00e9tait au rendez-vous.<\/span><\/p><p><span style=\"color: #000000;\">Au total, ce sont pr\u00e8s de 1,12 milliards de t\u00e9l\u00e9spectateurs qui ont suivi les retransmissions officielles de la Coupe du Monde f\u00e9minine 2019 sur les diff\u00e9rentes plateformes. Un record d\u2019audience pour la comp\u00e9tition.<\/span><\/p><p><span style=\"color: #000000;\">Plus de 990 millions de personnes ont pu suivre les matchs un peu partout dans le monde via la t\u00e9l\u00e9vision. Pr\u00e8s de 30% de plus que les audiences de 2015 pour la Coupe du monde f\u00e9minine de football au Canada.<\/span><\/p>\t\t\t\t\t\t<\/div>\n\t\t\t\t<\/div>\n\t\t\t\t\t<\/div>\n\t\t\t\t<\/div>\n\t\t<div class=\"elementor-element elementor-element-67106f7 e-flex e-con-boxed e-con\" data-id=\"67106f7\" data-element_type=\"container\" data-settings=\"{&quot;content_width&quot;:&quot;boxed&quot;}\">\n\t\t\t\t\t<div class=\"e-con-inner\">\n\t\t\t\t<div class=\"elementor-element elementor-element-8e0d77d elementor-widget elementor-widget-image\" data-id=\"8e0d77d\" data-element_type=\"widget\" data-widget_type=\"image.default\">\n\t\t\t\t<div class=\"elementor-widget-container\">\n\t\t\t\t\t\t\t\t\t\t\t\t\t\t\t<img src=\"https:\/\/tajasport.com\/wp-content\/uploads\/2023\/03\/peter-glaser-qWs_Wa1JrKM-unsplash-scaled-1.webp\" title=\"\" alt=\"\" loading=\"lazy\">\t\t\t\t\t\t\t\t\t\t\t\t\t\t\t<\/div>\n\t\t\t\t<\/div>\n\t\t\t\t\t<\/div>\n\t\t\t\t<\/div>\n\t\t<div class=\"elementor-element elementor-element-ffd4326 e-flex e-con-boxed e-con\" data-id=\"ffd4326\" data-element_type=\"container\" data-settings=\"{&quot;content_width&quot;:&quot;boxed&quot;}\">\n\t\t\t\t\t<div class=\"e-con-inner\">\n\t\t\t\t<div class=\"elementor-element elementor-element-b6cd1c6 elementor-widget elementor-widget-text-editor\" data-id=\"b6cd1c6\" data-element_type=\"widget\" data-widget_type=\"text-editor.default\">\n\t\t\t\t<div class=\"elementor-widget-container\">\n\t\t\t\t\t\t\t<h1><span style=\"color: #ff0000;\"><strong>La r\u00e9ponse des diffuseurs des \u00ab\u00a0Big Five\u00a0\u00bb<\/strong><\/span><\/h1><p><span style=\"color: #000000;\">Pour les diffuseurs de ces 5 nations europ\u00e9ennes encore en n\u00e9gociation avec la FIFA, les droits de l\u2019\u00e9dition 2023 seraient \u00ab\u00a0sur\u00e9valu\u00e9s\u00a0\u00bb. Ils reprochent les dates choisies\u00a0; 20 juillet au 20 ao\u00fbt, par rapport \u00e0 la pr\u00e9c\u00e9dente \u00e9dition qui avait eu lieu du 7 juin au 7 juillet 2019. Pour les cha\u00eenes de t\u00e9l\u00e9vision, juillet &#8211; ao\u00fbt c\u2019est la p\u00e9riode creuse en mati\u00e8re de publicit\u00e9.<\/span><\/p><p><iframe loading=\"lazy\" title=\"Documentaire : \u201cAtlas Lionesses: Hear Them Roar!\u201d\" width=\"640\" height=\"360\" src=\"https:\/\/www.youtube.com\/embed\/VN_S-fr7tjs?start=15&feature=oembed\" frameborder=\"0\" allow=\"accelerometer; autoplay; clipboard-write; encrypted-media; gyroscope; picture-in-picture; web-share\" referrerpolicy=\"strict-origin-when-cross-origin\" allowfullscreen><\/iframe><\/p><p><span style=\"color: #000000;\">Mais au vu des audiences de 2019, est ce que cette comp\u00e9tition n\u2019aura pas justement la chance d\u2019\u00eatre tr\u00e8s suivie par les spectateurs puisqu\u2019elle tombe en pleine p\u00e9riode de vacances\u00a0?<\/span><\/p><p><span style=\"color: #000000;\">Les diffuseurs avancent aussi le d\u00e9calage horaire (huit heures avec l\u2019Australie et dix heures avec la Nouvelle-Z\u00e9lande). Le Pr\u00e9sident de la FIFA, Gianni Infantino, rappelle en guise de r\u00e9ponse que pour la France par exemple, les horaires des matchs des Bleues \u00ab\u00a0restent raisonnables\u00a0\u00bb (entre 10h et midi heure fran\u00e7aise).<\/span><\/p><p><span style=\"color: #000000;\">Les cha\u00eenes de t\u00e9l\u00e9vision r\u00e9torquent que ce sont des horaires o\u00f9 les publicit\u00e9s sont moins r\u00e9mun\u00e9ratrices. M\u00eame si la FIFA insiste sur le fait que la totalit\u00e9 des droits de diffusion sera revers\u00e9e au d\u00e9veloppement du football f\u00e9minin.\u00a0<\/span><\/p><h1><span style=\"color: #ff0000;\"><strong>L&#8217;importance de la Coupe du Monde f\u00e9minine<\/strong><\/span><\/h1><p><span style=\"color: #000000;\">La Coupe du monde f\u00e9minine de football est un tournoi international qui a lieu tous les quatre ans. La premi\u00e8re \u00e9dition a eu lieu en 1991 en Chine, et l\u2019\u00e9quipe nationale des Etats-Unis est aujourd\u2019hui tenante du titre, apr\u00e8s avoir remport\u00e9 la Coupe du Monde f\u00e9minine de football en 2019 en France.<\/span><\/p><p><span style=\"color: #000000;\">Cette ann\u00e9e, 32 nations prennent part \u00e0 la comp\u00e9tition, dont 4 \u00e9quipes africaines (Maroc, Nigeria, Afrique du Sud et Zambie).<\/span><\/p><p><span style=\"color: #000000;\">Rappelons que les Lionnes de l\u2019Atlas signeront en Australie la premi\u00e8re la premi\u00e8re du Maroc \u00e0 l&#8217;\u00e9preuve reine du football f\u00e9minin mondial.<\/span><\/p><h3><span style=\"color: #ff0000;\"><strong>Conclusion<\/strong><\/span><\/h3><p><span style=\"color: #000000;\">Comme le rappelait r\u00e9cemment Fatma Samoura, la secr\u00e9taire g\u00e9n\u00e9rale de la FIFA, l\u2019offre re\u00e7ues des diffuseurs de cinq pays europ\u00e9ens, dont la France, est encore \u00ab\u00a0insuffisante\u00a0\u00bb pour l\u2019instance. La FIFA a encore invit\u00e9 le Royaume-Uni, l\u2019Allemagne, l\u2019Espagne, l\u2019Italie et la France \u00e0 continuer les n\u00e9gociations. A deux mois de la plus grande comp\u00e9tition de football au f\u00e9minin, la FIFA menace de ne pas diffuser la Coupe du monde f\u00e9minine dans ces Big five.<\/span><\/p><p><span style=\"color: #000000;\">Les diffuseurs de leur c\u00f4t\u00e9 ne veulent pas, pour l\u2019instant, augmenter leur offre (entre deux et quatre millions d\u2019euros). Ils critique la p\u00e9riode choisie pour la comp\u00e9tition. Celle-ci arrive en effet au c\u0153ur de l\u2019\u00e9t\u00e9 (20 juillet au 20 ao\u00fbt 2023), une p\u00e9riode creuse en termes de revenus publicitaires.<\/span><\/p><p><span style=\"color: #000000;\">Le pr\u00e9sident de la Fifa, Gianni Infantino, a rappel\u00e9 d\u00e9but mai que les diffuseurs versaient \u00ab\u00a0entre 100 et 200 millions de dollars\u00a0pour le Mondial masculin\u00a0\u00bb. En ajoutant qu\u2019ils veulent aujourd\u2019hui investir mois de 10% de ce montant pour le Mondial f\u00e9minin. Alors que ses audiences \u00ab\u00a0repr\u00e9sentent environ 50 \u00e0 60% du tournoi masculin\u00a0\u00bb.<\/span><\/p><p><span style=\"color: #000000;\">En France, personne ne sait si le public pourra suivre la comp\u00e9tition \u00e0 la t\u00e9l\u00e9vision. Mais la ministre des Sports, Am\u00e9lie Oud\u00e9a-Cast\u00e9ra, a appel\u00e9 \u00e0 \u00ab ne pas paniquer \u00bb. Elle assure qu\u2019il \u00ab y aura bien une retransmission \u00bb de la comp\u00e9tition cet \u00e9t\u00e9. Affaire \u00e0 suivre\u2026<\/span><\/p><h3><span style=\"color: #ff0000;\"><strong>Les horaires de matchs pour le Maroc et la France<\/strong><\/span><\/h3><h1><span style=\"color: #ff0000;\"><strong>Les matches du Maroc dans le Groupe H<\/strong><\/span><\/h1><p><span style=\"color: #000000;\"><em><strong>24 juillet 2023 <\/strong><\/em><\/span><\/p><p><span style=\"color: #000000;\"><em>Allemagne &#8211;<\/em><\/span><a style=\"font-style: italic; font-family: var( --e-global-typography-text-font-family ), Sans-serif; font-weight: var( --e-global-typography-text-font-weight ); text-transform: var( --e-global-typography-text-text-transform ); text-align: var(--text-align); background-color: #ffffff; letter-spacing: 0px; display: inline !important;\" href=\"https:\/\/tajasport.com\/fr\/football-decouvrons-lequipe-nationale-feminine-du-maroc\/\"><span style=\"color: #ff0000;\">Maroc<\/span><\/a>\u00a0<span style=\"color: #000000;\"><em>(18h30 heure locale, Melbourne Rectangular Stadium, Melbourne\/Naarm)<\/em><\/span><\/p><p><span style=\"color: #000000;\"><em><strong>30 juillet 2023 <\/strong><\/em><\/span><\/p><p><span style=\"color: #000000;\"><em>R\u00e9publique de Cor\u00e9e &#8211; Maroc (14h heure locale, Hindmarsh Stadium, Ad\u00e9la\u00efde\/Tarntanya)<\/em><\/span><\/p><p><span style=\"color: #000000;\"><em><strong>3 ao\u00fbt 2023 <\/strong><\/em><\/span><\/p><p><span style=\"color: #000000;\"><em>Maroc &#8211; Colombie (18h heure locale, Perth Rectangular Stadium, Perth\/Boorloo)<\/em><\/span><\/p><h2><span style=\"color: #ff0000;\"><strong>Les matchs de la France dans le groupe F<\/strong><\/span><\/h2><p><span style=\"color: #000000;\"><strong>23 juillet 2023<\/strong><\/span><\/p><p><span style=\"color: #000000;\">France &#8211; Jama\u00efque (20h heure locale, Sydney Football Stadium, <strong>Sydney\/Gadigal)<\/strong><\/span><\/p><p><span style=\"color: #000000;\"><strong>29 juillet 2023<\/strong><\/span><\/p><p><span style=\"color: #000000;\">France &#8211; Br\u00e9sil (20h heure locale, Brisbane Stadium, <strong>Brisbane\/Meaanjin)<\/strong><\/span><\/p><p><span style=\"color: #000000;\"><strong>2 ao\u00fbt 2023<\/strong><\/span><\/p><p><span style=\"color: #000000;\">Panama &#8211; France (20h heure locale, Sydney Football Stadium<strong>, Sydney\/Gadigal)<\/strong><\/span><\/p>\t\t\t\t\t\t<\/div>\n\t\t\t\t<\/div>\n\t\t\t\t\t<\/div>\n\t\t\t\t<\/div>\n\t\t\t\t\t\t\t<\/div>\n\t\t","protected":false},"excerpt":{"rendered":"<p>La promotion du football f\u00e9minin passe par sa m\u00e9diatisation. Or \u00e0 moins de deux mois de la Coupe du Monde f\u00e9minine de football, on ne connait toujours pas en Francequel en sera le diffuseur. C\u2019est aussi le cas dans plusieurs autres pays europ\u00e9ens. Gianni Infantino, le pr\u00e9sident de la FIFA, juge les offres des cha\u00eenes de t\u00e9l\u00e9visions de ces pays &#8220;inacceptables&#8221;.<\/p>\n<p>Pourquoi ? On vous explique.<\/p>\n","protected":false},"author":13,"featured_media":0,"comment_status":"closed","ping_status":"closed","sticky":false,"template":"","format":"standard","meta":{"inline_featured_image":false},"categories":[296],"tags":[],"primary_categories":[],"_links":{"self":[{"href":"https:\/\/tajasport.com\/fr\/wp-json\/wp\/v2\/posts\/25975"}],"collection":[{"href":"https:\/\/tajasport.com\/fr\/wp-json\/wp\/v2\/posts"}],"about":[{"href":"https:\/\/tajasport.com\/fr\/wp-json\/wp\/v2\/types\/post"}],"author":[{"embeddable":true,"href":"https:\/\/tajasport.com\/fr\/wp-json\/wp\/v2\/users\/13"}],"replies":[{"embeddable":true,"href":"https:\/\/tajasport.com\/fr\/wp-json\/wp\/v2\/comments?post=25975"}],"version-history":[{"count":19,"href":"https:\/\/tajasport.com\/fr\/wp-json\/wp\/v2\/posts\/25975\/revisions"}],"predecessor-version":[{"id":31793,"href":"https:\/\/tajasport.com\/fr\/wp-json\/wp\/v2\/posts\/25975\/revisions\/31793"}],"wp:attachment":[{"href":"https:\/\/tajasport.com\/fr\/wp-json\/wp\/v2\/media?parent=25975"}],"wp:term":[{"taxonomy":"category","embeddable":true,"href":"https:\/\/tajasport.com\/fr\/wp-json\/wp\/v2\/categories?post=25975"},{"taxonomy":"post_tag","embeddable":true,"href":"https:\/\/tajasport.com\/fr\/wp-json\/wp\/v2\/tags?post=25975"}],"curies":[{"name":"wp","href":"https:\/\/api.w.org\/{rel}","templated":true}]}}