{"id":30544,"date":"2023-08-06T21:00:37","date_gmt":"2023-08-06T19:00:37","guid":{"rendered":"https:\/\/tajasport.com\/la-lionne-du-jour-sabah-seghir-un-talent-polyvalent\/"},"modified":"2023-08-06T19:02:08","modified_gmt":"2023-08-06T17:02:08","slug":"la-lionne-du-jour-sabah-seghir-un-talent-polyvalent","status":"publish","type":"post","link":"https:\/\/tajasport.com\/fr\/la-lionne-du-jour-sabah-seghir-un-talent-polyvalent\/","title":{"rendered":"La Lionne du jour : Sabah Seghir, un talent polyvalent"},"content":{"rendered":"\t\t<div data-elementor-type=\"wp-post\" data-elementor-id=\"30544\" class=\"elementor elementor-30544 elementor-30535\">\n\t\t\t\t\t\t\t\t\t<section class=\"elementor-section elementor-top-section elementor-element elementor-element-7f59b98 elementor-section-boxed elementor-section-height-default elementor-section-height-default\" data-id=\"7f59b98\" data-element_type=\"section\">\n\t\t\t\t\t\t<div class=\"elementor-container elementor-column-gap-default\">\n\t\t\t\t\t<div class=\"elementor-column elementor-col-100 elementor-top-column elementor-element elementor-element-4bcf7351\" data-id=\"4bcf7351\" data-element_type=\"column\">\n\t\t\t<div class=\"elementor-widget-wrap elementor-element-populated\">\n\t\t\t\t\t\t\t\t<div class=\"elementor-element elementor-element-745b16 elementor-widget elementor-widget-text-editor\" data-id=\"745b16\" data-element_type=\"widget\" data-widget_type=\"text-editor.default\">\n\t\t\t\t<div class=\"elementor-widget-container\">\n\t\t\t\t\t\t\t<p><span style=\"color: #000000;\">Sabah Seghir a d\u00e9marr\u00e9 sa carri\u00e8re en deuxi\u00e8me division en France. Elle y passera quelques ann\u00e9es avant de signer en 2021 pour la Sampdoria, club italien qui vient tout juste de lancer son \u00e9quipe f\u00e9minine senior. Elle fait une bonne saison avec le club g\u00e9nois, dispute dix-huit matchs dont douze en tant que titulaire. En Janvier 2023, elle quitte Sampdoria pr\u00eat\u00e9e \u00e0 Naples, qui joue en deuxi\u00e8me division. Le club italien parvient \u00e0 monter en Serie A en terminant premi\u00e8re de la Serie B avec 74 points devan\u00e7ant la Lazio d&#8217;une seule longueur. Sabah Seghir aura pris part \u00e0 12 rencontres dont 5 titularisations, a marqu\u00e9 un but et a \u00e9t\u00e9 l\u2019auteure d\u2019une passe d\u00e9cisive.<\/span><\/p><h1><span style=\"color: #ff0000;\">Carri\u00e8re internationale<\/span><\/h1><p><span style=\"color: #000000;\">Sabah Seghir est convoqu\u00e9e par Lamia Boumehdi, ancienne coach de l\u2019\u00e9quipe nationale des U20, pour prendre part \u00e0 une double confrontation amicale face au Ghana \u00e0 Accra en novembre 2020. Elle participe aux deux matchs en tant que titulaire. En juin 2021, Seghir a \u00e9t\u00e9 appel\u00e9e pour repr\u00e9senter l&#8217;\u00e9quipe nationale f\u00e9minine marocaine de football lors d&#8217;un match amical contre le Mali. \u00c0 l&#8217;\u00e9poque, elle jouait pour Sampdoria, avec plus de 30 matchs dans les jambes.<\/span><\/p><p><span style=\"color: #000000;\">La lionne de l&#8217;Atlas va convaincre l&#8217;entra\u00eeneur de l\u2019\u00e9quipe f\u00e9minine A du Maroc, Reynald Pedros, qui va la convoquer \u00a0pour les matchs amicaux et les stages de pr\u00e9paration. \u00c0 l&#8217;\u00e9t\u00e9 2022, elle a de nouveau \u00e9t\u00e9 sollicit\u00e9e pour participer \u00e0 la Coupe d&#8217;Afrique des Nations f\u00e9minine, \u00e0 laquelle le Maroc n&#8217;avait pas particip\u00e9 depuis 22 ans, et elle faisait partie du groupe qui a fini finaliste.<\/span><\/p><h1><span style=\"color: #ff0000;\">Tirs puissants, vitesse et dribbles<\/span><\/h1><p><span style=\"color: #000000;\">Sabah Seghir joue au poste de milieu de terrain et, il arrive parfois, que l&#8217;entra\u00eeneur fran\u00e7ais Reynald Pedros la fasse \u00e9galement \u00e9voluer en tant que lat\u00e9rale gauche. Sabah se distingue par la puissance de ses tirs du pied gauche, ainsi que par sa vitesse et ses dribbles.<\/span><\/p><p><span style=\"color: #000000;\">Gr\u00e2ce \u00e0 ses exp\u00e9riences accumul\u00e9es en ligue fran\u00e7aise et dans le championnat italien, l&#8217;entra\u00eeneur de l&#8217;\u00e9quipe nationale marocaine a confiance en Sabah Seghir. C&#8217;est pourquoi il l&#8217;a de nouveau convoqu\u00e9e pour participer \u00e0 la Coupe du Monde f\u00e9minine 2023. Elle a \u00e9t\u00e9 l&#8217;une des joueuses contribuant \u00e0 la qualification pour cette comp\u00e9tition mondiale et elle a \u00e9t\u00e9 une joueuse engag\u00e9e tout au long de cette p\u00e9riode.<\/span><\/p>\t\t\t\t\t\t<\/div>\n\t\t\t\t<\/div>\n\t\t\t\t\t<\/div>\n\t\t<\/div>\n\t\t\t\t\t\t\t<\/div>\n\t\t<\/section>\n\t\t\t\t\t\t\t<\/div>\n\t\t","protected":false},"excerpt":{"rendered":"<p>Sabah Seghir est n\u00e9e en septembre 2000 en France de parents marocains. Elle a commenc\u00e9 \u00e0 jouer au football \u00e0 l\u2019\u00e2ge de 4 ans et c\u2019est son p\u00e8re qui l\u2019aidera \u00e0 d\u00e9velopper son talent. Il l\u2019accompagnait presque tous les jours dans un parc du quartier o\u00f9 ils habitaient, pour lui apprendre les bases du foot. Qu\u2019adviendra-t-il de cette jeune passionn\u00e9e qui r\u00eavait de devenir footballeuse ?<\/p>\n","protected":false},"author":11,"featured_media":0,"comment_status":"closed","ping_status":"closed","sticky":false,"template":"","format":"standard","meta":{"inline_featured_image":false},"categories":[97,251],"tags":[],"primary_categories":[],"_links":{"self":[{"href":"https:\/\/tajasport.com\/fr\/wp-json\/wp\/v2\/posts\/30544"}],"collection":[{"href":"https:\/\/tajasport.com\/fr\/wp-json\/wp\/v2\/posts"}],"about":[{"href":"https:\/\/tajasport.com\/fr\/wp-json\/wp\/v2\/types\/post"}],"author":[{"embeddable":true,"href":"https:\/\/tajasport.com\/fr\/wp-json\/wp\/v2\/users\/11"}],"replies":[{"embeddable":true,"href":"https:\/\/tajasport.com\/fr\/wp-json\/wp\/v2\/comments?post=30544"}],"version-history":[{"count":5,"href":"https:\/\/tajasport.com\/fr\/wp-json\/wp\/v2\/posts\/30544\/revisions"}],"predecessor-version":[{"id":30549,"href":"https:\/\/tajasport.com\/fr\/wp-json\/wp\/v2\/posts\/30544\/revisions\/30549"}],"wp:attachment":[{"href":"https:\/\/tajasport.com\/fr\/wp-json\/wp\/v2\/media?parent=30544"}],"wp:term":[{"taxonomy":"category","embeddable":true,"href":"https:\/\/tajasport.com\/fr\/wp-json\/wp\/v2\/categories?post=30544"},{"taxonomy":"post_tag","embeddable":true,"href":"https:\/\/tajasport.com\/fr\/wp-json\/wp\/v2\/tags?post=30544"}],"curies":[{"name":"wp","href":"https:\/\/api.w.org\/{rel}","templated":true}]}}