{"id":6265,"date":"2021-07-28T19:48:35","date_gmt":"2021-07-28T18:48:35","guid":{"rendered":"https:\/\/tajasport.com\/?p=6265"},"modified":"2023-05-17T12:08:59","modified_gmt":"2023-05-17T10:08:59","slug":"la-taekwondoiste-jordanienne-julyana-al-sadeq-quitte-tokyo","status":"publish","type":"post","link":"https:\/\/tajasport.com\/fr\/la-taekwondoiste-jordanienne-julyana-al-sadeq-quitte-tokyo\/","title":{"rendered":"La taekwondo\u00efste jordanienne Julyana Al Sadeq quitte Tokyo"},"content":{"rendered":"<p><span style=\"font-weight: 400;\">La d\u00e9l\u00e9gation jordanienne pour les Jeux Olympiques de Tokyo compte deux taekwondo\u00efstes, Julyana Al Sadeq et Saleh El Charbaty. Les Jordaniens misaient beaucoup sur la jeune championne, membre de l\u2019\u00e9quipe nationale jordanienne de Taekwondo et 7<\/span><span style=\"font-weight: 400;\">\u00e8me<\/span><span style=\"font-weight: 400;\"> dans le classement mondial.\u00a0<\/span><\/p>\n<p><span style=\"font-weight: 400;\">Les attentes de ses compatriotes \u00e9taient totalement justifi\u00e9es quand on sait que Julyana n\u2019a fait qu\u2019au briller \u00e0 chaque comp\u00e9tition internationale ces derni\u00e8res ann\u00e9es. Elle avait remport\u00e9 une m\u00e9daille d\u2019or aux Jeux asiatiques \u00e0 Jakarta en 2018, ensuite une m\u00e9daille d\u2019or et une de bronze dans les championnats asiatiques et encore deux m\u00e9dailles de bronze lors du Championnat du Grand Prix.<\/span><\/p>\n<p><span style=\"font-weight: 400;\">Sa participation \u00e0 Tokyo fut aussi de haut niveau m\u00eame si elle a fini par s\u2019incliner en 8<\/span><span style=\"font-weight: 400;\">\u00e8me<\/span><span style=\"font-weight: 400;\"> de finale devant la Br\u00e9silienne qui a gagn\u00e9 par sup\u00e9riorit\u00e9.<\/span><\/p>\n<p><span style=\"font-weight: 400;\">Il n\u2019en reste pas moins que Tokyo sera une belle \u00e9tape dans le parcours de Julyana Al Sadeq qui r\u00eave de d\u00e9crocher une m\u00e9daille olympique depuis son enfance. Elle qui a longtemps \u00e9t\u00e9 entrain\u00e9e par son p\u00e8re dont elle dit qu\u2019il a \u00e9t\u00e9 celui qui l\u2019a aid\u00e9e \u00e0 devenir professionnelle.<\/span><\/p>\n<p><span style=\"font-weight: 400;\">Le taekwando est une affaire de famille chez les Al Sadeq. C\u2019est d\u2019ailleurs le fr\u00e8re de Julyana qui lui a donn\u00e9 envie de choisir cette discipline. C\u2019\u00e9tait quand il \u00e9tait mont\u00e9 sur le podium en 2008 pour recevoir sa m\u00e9daille d\u2019or dans le Championnat du monde de Taekwando chez les Juniors.\u00a0<\/span><\/p>\n<p><span style=\"font-weight: 400;\">Quant \u00e0 Julyana, qui n\u2019a aujourd\u2019hui que 26 ans, Tokyo ne sera certainement pas sa derni\u00e8re participation olympique. Son r\u00eave se r\u00e9alisera peut-\u00eatre \u00e0 Paris en 2024.<\/span><\/p>\n<p><span style=\"font-weight: 400;\">En attendant, rappelons que le comit\u00e9 olympique jordanien a d\u00e9j\u00e0 rendu hommage \u00e0 Julyana Al Sadeq en la d\u00e9signant comme porte drapeau aux c\u00f4t\u00e9s de son compatriote Zyad Achiche, lors de la c\u00e9r\u00e9monie d\u2019ouverture des 32<\/span><span style=\"font-weight: 400;\">\u00e8me<\/span><span style=\"font-weight: 400;\"> Jeux olympiques d\u2019\u00e9t\u00e9. La d\u00e9l\u00e9gation jordanienne ne reviendra d\u2019ailleurs pas les mains vides au pays. L\u2019autre taekwondo\u00efste pr\u00e9sent \u00e0 Tokyo, Saleh El Charbaty, a d\u00e9croch\u00e9 la m\u00e9daille de bronze dans la cat\u00e9gorie 80 kg.<\/span><\/p>\n","protected":false},"excerpt":{"rendered":"<p>Julyana Al Sadeq quitte la comp\u00e9tition aux JO de Tokyo apr\u00e8s avoir perdu face \u00e0 son adversaire br\u00e9silienne M. Titoneli dans la cat\u00e9gorie moins de 67kg. Ce qui a mis fin aux chances de Julyana de d\u00e9crocher la m\u00e9daille de bronze, c\u2019est surtout le fait que la br\u00e9silienne n\u2019ait pas pu se qualifier pour la finale.<\/p>\n","protected":false},"author":13,"featured_media":6261,"comment_status":"closed","ping_status":"closed","sticky":false,"template":"","format":"standard","meta":{"inline_featured_image":false},"categories":[14,98,203],"tags":[],"primary_categories":[],"_links":{"self":[{"href":"https:\/\/tajasport.com\/fr\/wp-json\/wp\/v2\/posts\/6265"}],"collection":[{"href":"https:\/\/tajasport.com\/fr\/wp-json\/wp\/v2\/posts"}],"about":[{"href":"https:\/\/tajasport.com\/fr\/wp-json\/wp\/v2\/types\/post"}],"author":[{"embeddable":true,"href":"https:\/\/tajasport.com\/fr\/wp-json\/wp\/v2\/users\/13"}],"replies":[{"embeddable":true,"href":"https:\/\/tajasport.com\/fr\/wp-json\/wp\/v2\/comments?post=6265"}],"version-history":[{"count":1,"href":"https:\/\/tajasport.com\/fr\/wp-json\/wp\/v2\/posts\/6265\/revisions"}],"predecessor-version":[{"id":25411,"href":"https:\/\/tajasport.com\/fr\/wp-json\/wp\/v2\/posts\/6265\/revisions\/25411"}],"wp:featuredmedia":[{"embeddable":true,"href":"https:\/\/tajasport.com\/fr\/wp-json\/wp\/v2\/media\/6261"}],"wp:attachment":[{"href":"https:\/\/tajasport.com\/fr\/wp-json\/wp\/v2\/media?parent=6265"}],"wp:term":[{"taxonomy":"category","embeddable":true,"href":"https:\/\/tajasport.com\/fr\/wp-json\/wp\/v2\/categories?post=6265"},{"taxonomy":"post_tag","embeddable":true,"href":"https:\/\/tajasport.com\/fr\/wp-json\/wp\/v2\/tags?post=6265"}],"curies":[{"name":"wp","href":"https:\/\/api.w.org\/{rel}","templated":true}]}}