{"id":7141,"date":"2021-09-04T18:51:39","date_gmt":"2021-09-04T17:51:39","guid":{"rendered":"https:\/\/tajasport.com\/?p=7141"},"modified":"2021-09-12T22:42:53","modified_gmt":"2021-09-12T21:42:53","slug":"jeux-paralympiques-malak-abdelshafi-se-jette-a-leau-malgre-son-handicap","status":"publish","type":"post","link":"https:\/\/tajasport.com\/fr\/jeux-paralympiques-malak-abdelshafi-se-jette-a-leau-malgre-son-handicap\/","title":{"rendered":"Jeux Paralympiques : Malak Abdelshafi se jette \u00e0 l\u2019eau malgr\u00e9 son handicap"},"content":{"rendered":"<p>Malak a 10 mois lorsqu\u2019elle est victime d\u2019un accident qui la laisse\u00a0<a style=\"font-family: var( --e-global-typography-text-font-family ), Sans-serif; text-transform: var( --e-global-typography-text-text-transform ); background-color: #ffffff; letter-spacing: 0px; display: inline !important;\" href=\"https:\/\/tajasport.com\/fr\/jeux-paralympiques-alia-issa-la-premiere-femme-para-athlete-dans-lhistoire-de-lequipe-des-refugies\/\">paralys\u00e9e<\/a>\u00a0des membres inf\u00e9rieurs. Les m\u00e9decins conseillent alors \u00e0 sa famille l\u2019hydroth\u00e9rapie pour maintenir la circulation sanguine dans ses jambes.<\/p>\n<p>Apr\u00e8s plusieurs ann\u00e9es pass\u00e9es dans les piscines, la jeune Malak tombe amoureuse de la natation. Elle qui s\u2019est retrouv\u00e9e en chaise roulante, appr\u00e9cie le temps pass\u00e9 dans l\u2019eau. Elle est d\u2019ailleurs encourag\u00e9e par son entra\u00eeneur qui la trouvait tr\u00e8s talentueuse.<\/p>\n<p>Malak Abdelshafi d\u00e9cide alors de commencer une carri\u00e8re sportive tr\u00e8s jeune. A 9 ans seulement, elle remporte la m\u00e9daille d\u2019argent lors de son tout premier championnat. Elle encha\u00eene alors les comp\u00e9titions, jusqu\u2019\u00e0 rejoindre l\u2019\u00e9quipe nationale \u00e9gyptienne en 2014. Elle devient alors la plus jeune joueuse de l\u2019\u00e9quipe, et entame une carri\u00e8re professionnelle \u00e0 tout juste 11 ans.<\/p>\n<p>Depuis, Malak cumule les m\u00e9dailles. Plus d\u2019une quarantaine, d\u00e9croch\u00e9es aussi bien dans des comp\u00e9titions nationales en Egypte que lors de championnats internationaux. De plus, elle a \u00e9t\u00e9 class\u00e9e deuxi\u00e8me mondiale junior en 2018.<\/p>\n<p>Malak s\u2019est bless\u00e9e au poignet la m\u00eame ann\u00e9e et a \u00e9t\u00e9 diagnostiqu\u00e9e de la maladie de Kienb\u00f6ck. Ceci l\u2019a pouss\u00e9e \u00e0 devoir retirer des os de son poignet gauche. Etant donn\u00e9 ses mouvements limit\u00e9s, suite \u00e0 l\u2019op\u00e9ration, elle ne pouvait pas participer en 2019 \u00e0 une comp\u00e9tition qualifiante pour les Championnats du Monde.<\/p>\n<p>Son \u00e9quipe fait une demande \u00ab\u00a0d\u2019exception\u00a0\u00bb, aupr\u00e8s du Comit\u00e9 Paralympique International et obtient gain de cause.\u00a0 Malak, se qualifie aux Championnats du Monde, o\u00f9 elle se classe dixi\u00e8me, bat le record d\u2019Afrique et d\u00e9croche son ticket pour les Jeux <a href=\"https:\/\/www.paralympic.org\/\" target=\"_blank\" rel=\"noopener\">Paralympiques de Tokyo.<\/a><\/p>\n<p>Alors certes Malak n\u2019a pas d\u00e9croch\u00e9 de m\u00e9dailles au Japon, mais cela n\u2019enl\u00e8ve rien \u00e0 son exploit. Dans les \u00e9preuves du 100m brasse, elle a r\u00e9ussi \u00e0 se qualifier \u00e0 la phase finale, avant de se classer derni\u00e8re lors de celle-ci. Mais Malak a d\u00e9sormais en ligne de mire, les Jeux Paralympiques de 2024, \u00e0 Paris.<\/p>\n","protected":false},"excerpt":{"rendered":"<p>A tout juste 18 ans, Malak Abdelshafi a d\u00e9j\u00e0 beaucoup accompli pour une toute premi\u00e8re participation aux Jeux Paralympiques de Tokyo. La jeune nageuse \u00e9gyptienne repart certes sans m\u00e9dailles, mais son parcours n\u2019en est pas moins inspirant pour autant.<\/p>\n","protected":false},"author":7,"featured_media":7138,"comment_status":"closed","ping_status":"closed","sticky":false,"template":"","format":"standard","meta":{"inline_featured_image":false},"categories":[14],"tags":[],"primary_categories":[],"_links":{"self":[{"href":"https:\/\/tajasport.com\/fr\/wp-json\/wp\/v2\/posts\/7141"}],"collection":[{"href":"https:\/\/tajasport.com\/fr\/wp-json\/wp\/v2\/posts"}],"about":[{"href":"https:\/\/tajasport.com\/fr\/wp-json\/wp\/v2\/types\/post"}],"author":[{"embeddable":true,"href":"https:\/\/tajasport.com\/fr\/wp-json\/wp\/v2\/users\/7"}],"replies":[{"embeddable":true,"href":"https:\/\/tajasport.com\/fr\/wp-json\/wp\/v2\/comments?post=7141"}],"version-history":[{"count":0,"href":"https:\/\/tajasport.com\/fr\/wp-json\/wp\/v2\/posts\/7141\/revisions"}],"wp:featuredmedia":[{"embeddable":true,"href":"https:\/\/tajasport.com\/fr\/wp-json\/wp\/v2\/media\/7138"}],"wp:attachment":[{"href":"https:\/\/tajasport.com\/fr\/wp-json\/wp\/v2\/media?parent=7141"}],"wp:term":[{"taxonomy":"category","embeddable":true,"href":"https:\/\/tajasport.com\/fr\/wp-json\/wp\/v2\/categories?post=7141"},{"taxonomy":"post_tag","embeddable":true,"href":"https:\/\/tajasport.com\/fr\/wp-json\/wp\/v2\/tags?post=7141"}],"curies":[{"name":"wp","href":"https:\/\/api.w.org\/{rel}","templated":true}]}}