{"id":7331,"date":"2021-09-12T22:18:24","date_gmt":"2021-09-12T21:18:24","guid":{"rendered":"https:\/\/tajasport.com\/?p=7331"},"modified":"2021-09-13T14:13:00","modified_gmt":"2021-09-13T13:13:00","slug":"imane-saoud-je-suis-la-pour-rendre-fier-mes-pays","status":"publish","type":"post","link":"https:\/\/tajasport.com\/fr\/imane-saoud-je-suis-la-pour-rendre-fier-mes-pays\/","title":{"rendered":"Imane Saoud : \u00ab Je suis l\u00e0 pour rendre fier mes pays. Que \u00e7a soit le Maroc ou la France \u00bb"},"content":{"rendered":"<h3><b>Imane Saoud, vous avez \u00e9t\u00e9 appel\u00e9e en f\u00e9vrier de cette ann\u00e9e \u00e0 jouer avec la s\u00e9lection f\u00e9minine marocaine, que retenez-vous de cette exp\u00e9rience\u00a0?\u00a0<\/b><\/h3>\n<p>Oui j&#8217;ai fait deux stages avec l\u2019\u00e9quipe nationale f\u00e9minine \u00e0 Rabat, au complexe Mohammed VI. Il s\u2019agit d\u2019un stage d\u00e9couverte surtout. Je n&#8217;\u00e9tais plus appel\u00e9e en France, et comme je suis une joueuse qui aime jouer, c&#8217;est une super exp\u00e9rience que j&#8217;ai vraiment appr\u00e9ci\u00e9e. Il y avait Salma Amani, Elodie Nakkach, vraiment des joueuses tr\u00e8s performantes, qui jouent en D1 aussi. C&#8217;\u00e9tait un groupe tr\u00e8s fort ! On a fait trois matches amicaux, qu&#8217;on a gagn\u00e9s ! C&#8217;\u00e9tait de gros matches, avec beaucoup d&#8217;intensit\u00e9 et de jeu physique. Cela ressemble un peu au championnat suisse, avec le FC Bale.<\/p>\n<p>La s\u00e9lection reste toujours une belle exp\u00e9rience, que \u00e7a soit avec le Maroc ou la France. Dans tous les cas je porte le maillot pareil. Les deux sont mes pays, et je suis l\u00e0 pour rendre fier mes pays, que \u00e7a soit le Maroc ou la France. Peu importe qui m&#8217;appellera, je me donnerais tout autant.<\/p>\n<h3><b>Un mot justement sur le football f\u00e9minin au Maroc\u00a0?\u00a0<\/b><\/h3>\n<p>Au Maroc ils veulent faire d\u00e9velopper le foot f\u00e9minin et ils mettent les moyens. La Coupe d\u2019Afrique des Nations f\u00e9minine (CAN 2022) se tiendra au Maroc prochainement <i>(La phase finale du tournoi est pr\u00e9vue au Maroc du 2 au 23 juillet 2022, NDLR)<\/i>. Le pays se pr\u00e9pare pour l&#8217;accueillir et pour que l&#8217;\u00e9quipe nationale puisse la remporter. Parce qu&#8217;elle est qualificative pour la Coupe du Monde 2023 en Australie.<\/p>\n<p>Ils ont recrut\u00e9 Reynald Pedros <i>(s\u00e9lectionneur de l\u2019\u00e9quipe nationale f\u00e9minine du Maroc, NDLR)<\/i> donc l&#8217;objectif c&#8217;est vraiment le podium et l&#8217;or serait merveilleux ! Moi que je la fasse ou pas, je serais de tout c\u0153ur avec eux, en esp\u00e9rant que l\u2019\u00e9quipe gagne et\/ou se qualifie pour le Mondial !<\/p>\n<p><img loading=\"lazy\" src=\"https:\/\/tajasport.com\/wp-content\/uploads\/2021\/09\/Credit-Federation-Royale-Marocaine-de-Football-1024x682.jpg\" sizes=\"(max-width: 640px) 100vw, 640px\" srcset=\"https:\/\/i0.wp.com\/tajasport.com\/wp-content\/uploads\/2021\/09\/Credit-Federation-Royale-Marocaine-de-Football.jpg?resize=1024%2C682&amp;ssl=1 1024w, https:\/\/i0.wp.com\/tajasport.com\/wp-content\/uploads\/2021\/09\/Credit-Federation-Royale-Marocaine-de-Football.jpg?resize=300%2C200&amp;ssl=1 300w, https:\/\/i0.wp.com\/tajasport.com\/wp-content\/uploads\/2021\/09\/Credit-Federation-Royale-Marocaine-de-Football.jpg?resize=768%2C512&amp;ssl=1 768w, https:\/\/i0.wp.com\/tajasport.com\/wp-content\/uploads\/2021\/09\/Credit-Federation-Royale-Marocaine-de-Football.jpg?w=1280&amp;ssl=1 1280w\" alt=\"\" width=\"640\" height=\"426\" title=\"\"><\/p>\n<h3><b>Jusqu\u2019\u00e0 l\u2019\u00e9t\u00e9 dernier, vous \u00e9voluiez avec le FC Vendenheim avant de rejoindre le FC Bale. Comment cela se passe pour vous actuellement en Suisse\u00a0?<\/b><\/h3>\n<p>C&#8217;\u00e9tait compliqu\u00e9 au d\u00e9but, parce que cela n&#8217;a rien \u00e0 voir avec la France. C&#8217;est tr\u00e8s physique et surtout beaucoup de jeu avec le corps. Alors qu\u2019en France c&#8217;est vraiment technique et le jeu est port\u00e9 sur la possession de balle. En Suisse, il faut plut\u00f4t d\u00e9fendre.<\/p>\n<p>Au d\u00e9but c&#8217;\u00e9tait difficile parce que je suis une joueuse. Et qui aime avoir le ballon, qui aime dribbler et l\u00e0 j&#8217;ai compl\u00e8tement chang\u00e9 de posture. Je ne fais pratiquement que d\u00e9fendre. Donc j&#8217;ai progress\u00e9 sur ce point.<\/p>\n<p style=\"text-align: right;\">\n","protected":false},"excerpt":{"rendered":"<p>La jeune milieu de terrain alsacienne, Imane Saoud, a rejoint l\u2019\u00e9t\u00e9 dernier les rangs du club de la Super League f\u00e9minine suisse, Le FC B\u00e2le. A tout juste 19 ans, l\u2019attaquante d\u2019origine marocaine, pass\u00e9e par le FC Vendenheim (D2), a aussi \u00e9t\u00e9 appel\u00e9e en s\u00e9lection marocaine par le s\u00e9lectionneur Reynald Pedros pour un stage. <\/p>\n","protected":false},"author":29,"featured_media":7322,"comment_status":"closed","ping_status":"closed","sticky":false,"template":"","format":"standard","meta":{"inline_featured_image":false},"categories":[14],"tags":[],"primary_categories":[],"_links":{"self":[{"href":"https:\/\/tajasport.com\/fr\/wp-json\/wp\/v2\/posts\/7331"}],"collection":[{"href":"https:\/\/tajasport.com\/fr\/wp-json\/wp\/v2\/posts"}],"about":[{"href":"https:\/\/tajasport.com\/fr\/wp-json\/wp\/v2\/types\/post"}],"author":[{"embeddable":true,"href":"https:\/\/tajasport.com\/fr\/wp-json\/wp\/v2\/users\/29"}],"replies":[{"embeddable":true,"href":"https:\/\/tajasport.com\/fr\/wp-json\/wp\/v2\/comments?post=7331"}],"version-history":[{"count":0,"href":"https:\/\/tajasport.com\/fr\/wp-json\/wp\/v2\/posts\/7331\/revisions"}],"wp:featuredmedia":[{"embeddable":true,"href":"https:\/\/tajasport.com\/fr\/wp-json\/wp\/v2\/media\/7322"}],"wp:attachment":[{"href":"https:\/\/tajasport.com\/fr\/wp-json\/wp\/v2\/media?parent=7331"}],"wp:term":[{"taxonomy":"category","embeddable":true,"href":"https:\/\/tajasport.com\/fr\/wp-json\/wp\/v2\/categories?post=7331"},{"taxonomy":"post_tag","embeddable":true,"href":"https:\/\/tajasport.com\/fr\/wp-json\/wp\/v2\/tags?post=7331"}],"curies":[{"name":"wp","href":"https:\/\/api.w.org\/{rel}","templated":true}]}}